{"id":380,"date":"2016-05-20T15:01:18","date_gmt":"2016-05-20T13:01:18","guid":{"rendered":"http:\/\/mytraveljournal-blog.com\/?p=380"},"modified":"2024-04-21T12:45:48","modified_gmt":"2024-04-21T10:45:48","slug":"carnival-of-cultures","status":"publish","type":"post","link":"https:\/\/mytraveljournal-blog.com\/de\/carnival-of-cultures\/","title":{"rendered":"Karneval der Kulturen \u2013 celebrating diversity on Berlin&#8217;s streets"},"content":{"rendered":"\n<p><br><em>Berlin is a truly <strong>multicultural city<\/strong>, and this <strong>diversity is celebrated at the &#8218;Karneval der Kulturen&#8216;<\/strong> (translated into English as &#8218;Carnival of Cultures&#8216;), held every May during Pentecost in Kreuzberg. The <strong>highlight of the festival is the grand parade<\/strong> on Sunday.<\/em><\/p>\n\n\n<div class=\"wp-block-image is-style-default\">\n<figure class=\"aligncenter\"><img data-recalc-dims=\"1\" fetchpriority=\"high\" decoding=\"async\" width=\"525\" height=\"394\" data-attachment-id=\"382\" data-permalink=\"https:\/\/mytraveljournal-blog.com\/de\/carnival-of-cultures\/dscn7131\/\" data-orig-file=\"https:\/\/i0.wp.com\/mytraveljournal-blog.com\/wp-content\/uploads\/2016\/07\/DSCN7131.jpg?fit=641%2C481&amp;ssl=1\" data-orig-size=\"641,481\" data-comments-opened=\"1\" data-image-meta=\"{&quot;aperture&quot;:&quot;5&quot;,&quot;credit&quot;:&quot;&quot;,&quot;camera&quot;:&quot;COOLPIX P80&quot;,&quot;caption&quot;:&quot;&quot;,&quot;created_timestamp&quot;:&quot;1463250363&quot;,&quot;copyright&quot;:&quot;&quot;,&quot;focal_length&quot;:&quot;7.4&quot;,&quot;iso&quot;:&quot;64&quot;,&quot;shutter_speed&quot;:&quot;0.00600240096038&quot;,&quot;title&quot;:&quot;&quot;,&quot;orientation&quot;:&quot;1&quot;}\" data-image-title=\"DSCN7131\" data-image-description=\"\" data-image-caption=\"\" data-large-file=\"https:\/\/i0.wp.com\/mytraveljournal-blog.com\/wp-content\/uploads\/2016\/07\/DSCN7131.jpg?fit=525%2C394&amp;ssl=1\" src=\"https:\/\/i0.wp.com\/mytraveljournal-blog.com\/wp-content\/uploads\/2016\/07\/DSCN7131.jpg?resize=525%2C394\" alt=\"DSCN7131\" class=\"wp-image-382\" srcset=\"https:\/\/i0.wp.com\/mytraveljournal-blog.com\/wp-content\/uploads\/2016\/07\/DSCN7131.jpg?w=641&amp;ssl=1 641w, https:\/\/i0.wp.com\/mytraveljournal-blog.com\/wp-content\/uploads\/2016\/07\/DSCN7131.jpg?resize=300%2C225&amp;ssl=1 300w\" sizes=\"(max-width: 525px) 100vw, 525px\" \/><\/figure>\n<\/div>\n\n\n<h6 class=\"wp-block-heading\">Karneval der Kulturen in Kreuzberg<\/h6>\n\n\n\n<p><br>The <em><strong>Karneval der Kulturen<\/strong><\/em> (Carnival of Cultures) is<strong> a large urban festival <\/strong>with <strong>an open program<\/strong> for four days in Berlin-Kreuzberg. The festival is free and features<strong> various stalls<\/strong> offering a wide array of food and drinks from around the world, as well as clothes, toys, some handmade musical instruments, jewellery, and other treasures. Additionally, there is a<strong> green area <\/strong>and<strong> many stages where various artists and musicians<\/strong> present their art and music.<\/p>\n\n\n\n<h6 class=\"wp-block-heading\">Large parade in the streets of Berlin<\/h6>\n\n\n\n<p>One of the highlights is the <strong>big parade on Sunday<\/strong>, where <strong>about 1.3 million people come together<\/strong>. Dance groups, musicians, and other artists celebrate and dance through the streets of Kreuzberg, from Hermannplatz to Yorckstra\u00dfe\/M\u00f6ckernstra\u00dfe, turning them into the biggest stage in Berlin. This year (2015), the parade started at 2:30 pm and ended around 9:30 pm, featuring over 70 groups. The audience can join the parade and celebrate along with them. The music was mostly techno and electro music, which Berlin is known for. The atmosphere was fantastic and the streets were full of dancing people. All streets were closed to traffic, and it felt like a massive party where the whole city was involved.<\/p>\n\n\n\n<p><\/p>\n\n\n\n<p>First written on Friday, May 20th, 2016, you have read the blog post <em>Karneval der Kulturen \u2013 celebrating diversity on Berlin&#8217;s streets <\/em>on My Travel Journal-Blog.<\/p>\n\n\n\n<p><\/p>\n","protected":false},"excerpt":{"rendered":"<p>Berlin is a truly multicultural city, and this diversity is celebrated at the &#8218;Karneval der Kulturen&#8216; (translated into English as &#8218;Carnival of Cultures&#8216;), held every May during Pentecost in Kreuzberg. The highlight of the festival is the grand parade on Sunday. Karneval der Kulturen in Kreuzberg The Karneval der Kulturen (Carnival of Cultures) is a &hellip; <\/p>\n<p class=\"link-more\"><a href=\"https:\/\/mytraveljournal-blog.com\/de\/carnival-of-cultures\/\" class=\"more-link\"><span class=\"screen-reader-text\">\u201eKarneval der Kulturen \u2013 celebrating diversity on Berlin&#8217;s streets\u201c <\/span>weiterlesen<\/a><\/p>\n","protected":false},"author":1,"featured_media":2686,"comment_status":"open","ping_status":"open","sticky":false,"template":"","format":"standard","meta":{"_monsterinsights_skip_tracking":false,"_monsterinsights_sitenote_active":false,"_monsterinsights_sitenote_note":"","_monsterinsights_sitenote_category":0,"jetpack_post_was_ever_published":false,"_jetpack_newsletter_access":"","_jetpack_dont_email_post_to_subs":true,"_jetpack_newsletter_tier_id":0,"_jetpack_memberships_contains_paywalled_content":false,"_jetpack_memberships_contains_paid_content":false,"footnotes":"","jetpack_publicize_message":"","jetpack_publicize_feature_enabled":true,"jetpack_social_post_already_shared":true,"jetpack_social_options":{"image_generator_settings":{"template":"highway","default_image_id":0,"font":"","enabled":false},"version":2}},"categories":[2,282,29],"tags":[480,3,55,643,58,53,644,646,59,351,645],"class_list":["post-380","post","type-post","status-publish","format-standard","has-post-thumbnail","hentry","category-berlin","category-europe","category-germany","tag-art","tag-berlin","tag-carnival","tag-cultures","tag-festival","tag-karneval","tag-karneval-der-kulturen","tag-kreuzberg","tag-live-music","tag-music","tag-performance"],"yoast_head":"<!-- This site is optimized with the Yoast SEO plugin v27.4 - https:\/\/yoast.com\/product\/yoast-seo-wordpress\/ -->\n<title>Karneval der Kulturen \u2013 celebrating diversity on Berlin&#039;s streets | My Travel Journal-Blog<\/title>\n<meta name=\"description\" content=\"Berlin is a truly multicultural city, and this diversity is celebrated at the &#039;Karneval der Kulturen&#039; (translated into English as &#039;Carnival of Cultures&#039;), held every May during Pentecost in Kreuzberg. The highlight of the festival is the grand parade on Sunday.\" \/>\n<meta name=\"robots\" content=\"index, follow, max-snippet:-1, max-image-preview:large, max-video-preview:-1\" \/>\n<link rel=\"canonical\" href=\"https:\/\/mytraveljournal-blog.com\/carnival-of-cultures\/\" \/>\n<meta property=\"og:locale\" content=\"de_DE\" \/>\n<meta property=\"og:type\" content=\"article\" \/>\n<meta property=\"og:title\" content=\"Karneval der Kulturen \u2013 celebrating diversity on Berlin&#039;s streets | My Travel Journal-Blog\" \/>\n<meta property=\"og:description\" content=\"{:de}Berlin is a truly multicultural city, and this diversity is celebrated at the &#039;Karneval der Kulturen&#039; (translated into English as &#039;Carnival of Cultures&#039;), held every May during Pentecost in Kreuzberg. The highlight of the festival is the grand parade on Sunday.{:}\" \/>\n<meta property=\"og:url\" content=\"https:\/\/mytraveljournal-blog.com\/carnival-of-cultures\/\" \/>\n<meta property=\"og:site_name\" content=\"My Travel Journal-Blog\" \/>\n<meta property=\"article:publisher\" content=\"https:\/\/www.facebook.com\/mytraveljournalblog\/\" \/>\n<meta property=\"article:published_time\" content=\"2016-05-20T13:01:18+00:00\" \/>\n<meta property=\"article:modified_time\" content=\"2024-04-21T10:45:48+00:00\" \/>\n<meta property=\"og:image\" content=\"https:\/\/mytraveljournal-blog.com\/wp-content\/uploads\/2016\/05\/DSCN7196-scaled.jpg\" \/>\n\t<meta property=\"og:image:width\" content=\"2560\" \/>\n\t<meta property=\"og:image:height\" content=\"1920\" \/>\n\t<meta property=\"og:image:type\" content=\"image\/jpeg\" \/>\n<meta name=\"author\" content=\"Florentina\" \/>\n<meta name=\"twitter:card\" content=\"summary_large_image\" \/>\n<meta name=\"twitter:label1\" content=\"Verfasst von\" \/>\n\t<meta name=\"twitter:data1\" content=\"Florentina\" \/>\n\t<meta name=\"twitter:label2\" content=\"Gesch\u00e4tzte Lesezeit\" \/>\n\t<meta name=\"twitter:data2\" content=\"2\u00a0Minuten\" \/>\n<script type=\"application\/ld+json\" class=\"yoast-schema-graph\">{\"@context\":\"https:\\\/\\\/schema.org\",\"@graph\":[{\"@type\":\"Article\",\"@id\":\"https:\\\/\\\/mytraveljournal-blog.com\\\/carnival-of-cultures\\\/#article\",\"isPartOf\":{\"@id\":\"https:\\\/\\\/mytraveljournal-blog.com\\\/carnival-of-cultures\\\/\"},\"author\":{\"name\":\"Florentina\",\"@id\":\"https:\\\/\\\/mytraveljournal-blog.com\\\/#\\\/schema\\\/person\\\/2d97509923ef138e02da838163288057\"},\"headline\":\"Karneval der Kulturen \u2013 celebrating diversity on Berlin&#8217;s streets\",\"datePublished\":\"2016-05-20T13:01:18+00:00\",\"dateModified\":\"2024-04-21T10:45:48+00:00\",\"mainEntityOfPage\":{\"@id\":\"https:\\\/\\\/mytraveljournal-blog.com\\\/carnival-of-cultures\\\/\"},\"wordCount\":273,\"commentCount\":0,\"publisher\":{\"@id\":\"https:\\\/\\\/mytraveljournal-blog.com\\\/#organization\"},\"image\":{\"@id\":\"https:\\\/\\\/mytraveljournal-blog.com\\\/carnival-of-cultures\\\/#primaryimage\"},\"thumbnailUrl\":\"https:\\\/\\\/i0.wp.com\\\/mytraveljournal-blog.com\\\/wp-content\\\/uploads\\\/2016\\\/05\\\/DSCN7196-scaled.jpg?fit=2560%2C1920&ssl=1\",\"keywords\":[\"art\",\"Berlin\",\"carnival\",\"cultures\",\"festival\",\"Karneval\",\"Karneval der Kulturen\",\"Kreuzberg\",\"live music\",\"music\",\"performance\"],\"articleSection\":[\"Berlin\",\"europa\",\"Deutschland\"],\"inLanguage\":\"de\",\"potentialAction\":[{\"@type\":\"CommentAction\",\"name\":\"Comment\",\"target\":[\"https:\\\/\\\/mytraveljournal-blog.com\\\/carnival-of-cultures\\\/#respond\"]}]},{\"@type\":\"WebPage\",\"@id\":\"https:\\\/\\\/mytraveljournal-blog.com\\\/carnival-of-cultures\\\/\",\"url\":\"https:\\\/\\\/mytraveljournal-blog.com\\\/carnival-of-cultures\\\/\",\"name\":\"Karneval der Kulturen \u2013 celebrating diversity on Berlin's streets | My Travel Journal-Blog\",\"isPartOf\":{\"@id\":\"https:\\\/\\\/mytraveljournal-blog.com\\\/#website\"},\"primaryImageOfPage\":{\"@id\":\"https:\\\/\\\/mytraveljournal-blog.com\\\/carnival-of-cultures\\\/#primaryimage\"},\"image\":{\"@id\":\"https:\\\/\\\/mytraveljournal-blog.com\\\/carnival-of-cultures\\\/#primaryimage\"},\"thumbnailUrl\":\"https:\\\/\\\/i0.wp.com\\\/mytraveljournal-blog.com\\\/wp-content\\\/uploads\\\/2016\\\/05\\\/DSCN7196-scaled.jpg?fit=2560%2C1920&ssl=1\",\"datePublished\":\"2016-05-20T13:01:18+00:00\",\"dateModified\":\"2024-04-21T10:45:48+00:00\",\"description\":\"{:de}Berlin is a truly multicultural city, and this diversity is celebrated at the 'Karneval der Kulturen' (translated into English as 'Carnival of Cultures'), held every May during Pentecost in Kreuzberg. The highlight of the festival is the grand parade on Sunday.{:}\",\"breadcrumb\":{\"@id\":\"https:\\\/\\\/mytraveljournal-blog.com\\\/carnival-of-cultures\\\/#breadcrumb\"},\"inLanguage\":\"de\",\"potentialAction\":[{\"@type\":\"ReadAction\",\"target\":[\"https:\\\/\\\/mytraveljournal-blog.com\\\/carnival-of-cultures\\\/\"]}]},{\"@type\":\"ImageObject\",\"inLanguage\":\"de\",\"@id\":\"https:\\\/\\\/mytraveljournal-blog.com\\\/carnival-of-cultures\\\/#primaryimage\",\"url\":\"https:\\\/\\\/i0.wp.com\\\/mytraveljournal-blog.com\\\/wp-content\\\/uploads\\\/2016\\\/05\\\/DSCN7196-scaled.jpg?fit=2560%2C1920&ssl=1\",\"contentUrl\":\"https:\\\/\\\/i0.wp.com\\\/mytraveljournal-blog.com\\\/wp-content\\\/uploads\\\/2016\\\/05\\\/DSCN7196-scaled.jpg?fit=2560%2C1920&ssl=1\",\"width\":2560,\"height\":1920},{\"@type\":\"BreadcrumbList\",\"@id\":\"https:\\\/\\\/mytraveljournal-blog.com\\\/carnival-of-cultures\\\/#breadcrumb\",\"itemListElement\":[{\"@type\":\"ListItem\",\"position\":1,\"name\":\"Startseite\",\"item\":\"https:\\\/\\\/mytraveljournal-blog.com\\\/\"},{\"@type\":\"ListItem\",\"position\":2,\"name\":\"Karneval der Kulturen \u2013 celebrating diversity on Berlin&#8217;s streets\"}]},{\"@type\":\"WebSite\",\"@id\":\"https:\\\/\\\/mytraveljournal-blog.com\\\/#website\",\"url\":\"https:\\\/\\\/mytraveljournal-blog.com\\\/\",\"name\":\"My Travel Journal-Blog\",\"description\":\"\",\"publisher\":{\"@id\":\"https:\\\/\\\/mytraveljournal-blog.com\\\/#organization\"},\"potentialAction\":[{\"@type\":\"SearchAction\",\"target\":{\"@type\":\"EntryPoint\",\"urlTemplate\":\"https:\\\/\\\/mytraveljournal-blog.com\\\/?s={search_term_string}\"},\"query-input\":{\"@type\":\"PropertyValueSpecification\",\"valueRequired\":true,\"valueName\":\"search_term_string\"}}],\"inLanguage\":\"de\"},{\"@type\":\"Organization\",\"@id\":\"https:\\\/\\\/mytraveljournal-blog.com\\\/#organization\",\"name\":\"My Travel Journal-Blog\",\"url\":\"https:\\\/\\\/mytraveljournal-blog.com\\\/\",\"logo\":{\"@type\":\"ImageObject\",\"inLanguage\":\"de\",\"@id\":\"https:\\\/\\\/mytraveljournal-blog.com\\\/#\\\/schema\\\/logo\\\/image\\\/\",\"url\":\"https:\\\/\\\/mytraveljournal-blog.com\\\/wp-content\\\/uploads\\\/2016\\\/09\\\/cropped-papierflieger_faviconblau.bmp\",\"contentUrl\":\"https:\\\/\\\/mytraveljournal-blog.com\\\/wp-content\\\/uploads\\\/2016\\\/09\\\/cropped-papierflieger_faviconblau.bmp\",\"width\":512,\"height\":512,\"caption\":\"My Travel Journal-Blog\"},\"image\":{\"@id\":\"https:\\\/\\\/mytraveljournal-blog.com\\\/#\\\/schema\\\/logo\\\/image\\\/\"},\"sameAs\":[\"https:\\\/\\\/www.facebook.com\\\/mytraveljournalblog\\\/\",\"https:\\\/\\\/www.instagram.com\\\/mytraveljournalblog\\\/\",\"https:\\\/\\\/www.pinterest.de\\\/mytraveljournalblog\\\/_saved\\\/\",\"https:\\\/\\\/www.youtube.com\\\/channel\\\/UCKR8RQw_YtfmHaK3YEiLJwA\"]},{\"@type\":\"Person\",\"@id\":\"https:\\\/\\\/mytraveljournal-blog.com\\\/#\\\/schema\\\/person\\\/2d97509923ef138e02da838163288057\",\"name\":\"Florentina\",\"image\":{\"@type\":\"ImageObject\",\"inLanguage\":\"de\",\"@id\":\"https:\\\/\\\/secure.gravatar.com\\\/avatar\\\/b0ce473266ed993c40163f362bdb2555b2665d36b9d2bf440ee29b30915857f9?s=96&d=mm&r=g\",\"url\":\"https:\\\/\\\/secure.gravatar.com\\\/avatar\\\/b0ce473266ed993c40163f362bdb2555b2665d36b9d2bf440ee29b30915857f9?s=96&d=mm&r=g\",\"contentUrl\":\"https:\\\/\\\/secure.gravatar.com\\\/avatar\\\/b0ce473266ed993c40163f362bdb2555b2665d36b9d2bf440ee29b30915857f9?s=96&d=mm&r=g\",\"caption\":\"Florentina\"},\"description\":\"I am Media Student from Berlin, volunteering in the student organisation AEGEE-Berlin and most important addicted to travelling. I love exploring new cultures, experience other lifestyles, meeting people from all over the world and exchange stories.\",\"sameAs\":[\"http:\\\/\\\/www.mytraveljournal-blog.com\"]}]}<\/script>\n<!-- \/ Yoast SEO plugin. -->","yoast_head_json":{"title":"Karneval der Kulturen \u2013 celebrating diversity on Berlin's streets | My Travel Journal-Blog","description":"Berlin is a truly multicultural city, and this diversity is celebrated at the 'Karneval der Kulturen' (translated into English as 'Carnival of Cultures'), held every May during Pentecost in Kreuzberg. The highlight of the festival is the grand parade on Sunday.","robots":{"index":"index","follow":"follow","max-snippet":"max-snippet:-1","max-image-preview":"max-image-preview:large","max-video-preview":"max-video-preview:-1"},"canonical":"https:\/\/mytraveljournal-blog.com\/carnival-of-cultures\/","og_locale":"de_DE","og_type":"article","og_title":"Karneval der Kulturen \u2013 celebrating diversity on Berlin's streets | My Travel Journal-Blog","og_description":"{:de}Berlin is a truly multicultural city, and this diversity is celebrated at the 'Karneval der Kulturen' (translated into English as 'Carnival of Cultures'), held every May during Pentecost in Kreuzberg. The highlight of the festival is the grand parade on Sunday.{:}","og_url":"https:\/\/mytraveljournal-blog.com\/carnival-of-cultures\/","og_site_name":"My Travel Journal-Blog","article_publisher":"https:\/\/www.facebook.com\/mytraveljournalblog\/","article_published_time":"2016-05-20T13:01:18+00:00","article_modified_time":"2024-04-21T10:45:48+00:00","og_image":[{"width":2560,"height":1920,"url":"https:\/\/mytraveljournal-blog.com\/wp-content\/uploads\/2016\/05\/DSCN7196-scaled.jpg","type":"image\/jpeg"}],"author":"Florentina","twitter_card":"summary_large_image","twitter_misc":{"Verfasst von":"Florentina","Gesch\u00e4tzte Lesezeit":"2\u00a0Minuten"},"schema":{"@context":"https:\/\/schema.org","@graph":[{"@type":"Article","@id":"https:\/\/mytraveljournal-blog.com\/carnival-of-cultures\/#article","isPartOf":{"@id":"https:\/\/mytraveljournal-blog.com\/carnival-of-cultures\/"},"author":{"name":"Florentina","@id":"https:\/\/mytraveljournal-blog.com\/#\/schema\/person\/2d97509923ef138e02da838163288057"},"headline":"Karneval der Kulturen \u2013 celebrating diversity on Berlin&#8217;s streets","datePublished":"2016-05-20T13:01:18+00:00","dateModified":"2024-04-21T10:45:48+00:00","mainEntityOfPage":{"@id":"https:\/\/mytraveljournal-blog.com\/carnival-of-cultures\/"},"wordCount":273,"commentCount":0,"publisher":{"@id":"https:\/\/mytraveljournal-blog.com\/#organization"},"image":{"@id":"https:\/\/mytraveljournal-blog.com\/carnival-of-cultures\/#primaryimage"},"thumbnailUrl":"https:\/\/i0.wp.com\/mytraveljournal-blog.com\/wp-content\/uploads\/2016\/05\/DSCN7196-scaled.jpg?fit=2560%2C1920&ssl=1","keywords":["art","Berlin","carnival","cultures","festival","Karneval","Karneval der Kulturen","Kreuzberg","live music","music","performance"],"articleSection":["Berlin","europa","Deutschland"],"inLanguage":"de","potentialAction":[{"@type":"CommentAction","name":"Comment","target":["https:\/\/mytraveljournal-blog.com\/carnival-of-cultures\/#respond"]}]},{"@type":"WebPage","@id":"https:\/\/mytraveljournal-blog.com\/carnival-of-cultures\/","url":"https:\/\/mytraveljournal-blog.com\/carnival-of-cultures\/","name":"Karneval der Kulturen \u2013 celebrating diversity on Berlin's streets | My Travel Journal-Blog","isPartOf":{"@id":"https:\/\/mytraveljournal-blog.com\/#website"},"primaryImageOfPage":{"@id":"https:\/\/mytraveljournal-blog.com\/carnival-of-cultures\/#primaryimage"},"image":{"@id":"https:\/\/mytraveljournal-blog.com\/carnival-of-cultures\/#primaryimage"},"thumbnailUrl":"https:\/\/i0.wp.com\/mytraveljournal-blog.com\/wp-content\/uploads\/2016\/05\/DSCN7196-scaled.jpg?fit=2560%2C1920&ssl=1","datePublished":"2016-05-20T13:01:18+00:00","dateModified":"2024-04-21T10:45:48+00:00","description":"{:de}Berlin is a truly multicultural city, and this diversity is celebrated at the 'Karneval der Kulturen' (translated into English as 'Carnival of Cultures'), held every May during Pentecost in Kreuzberg. The highlight of the festival is the grand parade on Sunday.{:}","breadcrumb":{"@id":"https:\/\/mytraveljournal-blog.com\/carnival-of-cultures\/#breadcrumb"},"inLanguage":"de","potentialAction":[{"@type":"ReadAction","target":["https:\/\/mytraveljournal-blog.com\/carnival-of-cultures\/"]}]},{"@type":"ImageObject","inLanguage":"de","@id":"https:\/\/mytraveljournal-blog.com\/carnival-of-cultures\/#primaryimage","url":"https:\/\/i0.wp.com\/mytraveljournal-blog.com\/wp-content\/uploads\/2016\/05\/DSCN7196-scaled.jpg?fit=2560%2C1920&ssl=1","contentUrl":"https:\/\/i0.wp.com\/mytraveljournal-blog.com\/wp-content\/uploads\/2016\/05\/DSCN7196-scaled.jpg?fit=2560%2C1920&ssl=1","width":2560,"height":1920},{"@type":"BreadcrumbList","@id":"https:\/\/mytraveljournal-blog.com\/carnival-of-cultures\/#breadcrumb","itemListElement":[{"@type":"ListItem","position":1,"name":"Startseite","item":"https:\/\/mytraveljournal-blog.com\/"},{"@type":"ListItem","position":2,"name":"Karneval der Kulturen \u2013 celebrating diversity on Berlin&#8217;s streets"}]},{"@type":"WebSite","@id":"https:\/\/mytraveljournal-blog.com\/#website","url":"https:\/\/mytraveljournal-blog.com\/","name":"My Travel Journal-Blog","description":"","publisher":{"@id":"https:\/\/mytraveljournal-blog.com\/#organization"},"potentialAction":[{"@type":"SearchAction","target":{"@type":"EntryPoint","urlTemplate":"https:\/\/mytraveljournal-blog.com\/?s={search_term_string}"},"query-input":{"@type":"PropertyValueSpecification","valueRequired":true,"valueName":"search_term_string"}}],"inLanguage":"de"},{"@type":"Organization","@id":"https:\/\/mytraveljournal-blog.com\/#organization","name":"My Travel Journal-Blog","url":"https:\/\/mytraveljournal-blog.com\/","logo":{"@type":"ImageObject","inLanguage":"de","@id":"https:\/\/mytraveljournal-blog.com\/#\/schema\/logo\/image\/","url":"https:\/\/mytraveljournal-blog.com\/wp-content\/uploads\/2016\/09\/cropped-papierflieger_faviconblau.bmp","contentUrl":"https:\/\/mytraveljournal-blog.com\/wp-content\/uploads\/2016\/09\/cropped-papierflieger_faviconblau.bmp","width":512,"height":512,"caption":"My Travel Journal-Blog"},"image":{"@id":"https:\/\/mytraveljournal-blog.com\/#\/schema\/logo\/image\/"},"sameAs":["https:\/\/www.facebook.com\/mytraveljournalblog\/","https:\/\/www.instagram.com\/mytraveljournalblog\/","https:\/\/www.pinterest.de\/mytraveljournalblog\/_saved\/","https:\/\/www.youtube.com\/channel\/UCKR8RQw_YtfmHaK3YEiLJwA"]},{"@type":"Person","@id":"https:\/\/mytraveljournal-blog.com\/#\/schema\/person\/2d97509923ef138e02da838163288057","name":"Florentina","image":{"@type":"ImageObject","inLanguage":"de","@id":"https:\/\/secure.gravatar.com\/avatar\/b0ce473266ed993c40163f362bdb2555b2665d36b9d2bf440ee29b30915857f9?s=96&d=mm&r=g","url":"https:\/\/secure.gravatar.com\/avatar\/b0ce473266ed993c40163f362bdb2555b2665d36b9d2bf440ee29b30915857f9?s=96&d=mm&r=g","contentUrl":"https:\/\/secure.gravatar.com\/avatar\/b0ce473266ed993c40163f362bdb2555b2665d36b9d2bf440ee29b30915857f9?s=96&d=mm&r=g","caption":"Florentina"},"description":"I am Media Student from Berlin, volunteering in the student organisation AEGEE-Berlin and most important addicted to travelling. I love exploring new cultures, experience other lifestyles, meeting people from all over the world and exchange stories.","sameAs":["http:\/\/www.mytraveljournal-blog.com"]}]}},"jetpack_publicize_connections":[],"jetpack_featured_media_url":"https:\/\/i0.wp.com\/mytraveljournal-blog.com\/wp-content\/uploads\/2016\/05\/DSCN7196-scaled.jpg?fit=2560%2C1920&ssl=1","jetpack_sharing_enabled":true,"jetpack_shortlink":"https:\/\/wp.me\/pcQecO-68","jetpack-related-posts":[{"id":2058,"url":"https:\/\/mytraveljournal-blog.com\/de\/urban-art-berlin\/","url_meta":{"origin":380,"position":0},"title":"Urban Art in Berlin","author":"Florentina","date":"Mittwoch, der  9. Dezember 2020","format":false,"excerpt":"Die Kunst liegt auf der Stra\u00dfe - zumindest in Berlin. Denn die deutsche\u00a0Hauptstadt geh\u00f6rt zu den Hotspots der Urban Art in Europa und wird gerne von K\u00fcnstlern aus aller Welt als Leinwand genutzt. https:\/\/www.youtube.com\/embed\/86aiJDadxAw Das Video ist auf Englisch, verf\u00fcgt aber \u00fcber englische und deutsche Untertitel, die du direkt bei\u2026","rel":"","context":"In &quot;Berlin&quot;","block_context":{"text":"Berlin","link":"https:\/\/mytraveljournal-blog.com\/de\/category\/europe\/berlin\/"},"img":{"alt_text":"","src":"https:\/\/i0.wp.com\/mytraveljournal-blog.com\/wp-content\/uploads\/2020\/11\/DSC04790-scaled.jpg?fit=1200%2C800&ssl=1&resize=350%2C200","width":350,"height":200,"srcset":"https:\/\/i0.wp.com\/mytraveljournal-blog.com\/wp-content\/uploads\/2020\/11\/DSC04790-scaled.jpg?fit=1200%2C800&ssl=1&resize=350%2C200 1x, https:\/\/i0.wp.com\/mytraveljournal-blog.com\/wp-content\/uploads\/2020\/11\/DSC04790-scaled.jpg?fit=1200%2C800&ssl=1&resize=525%2C300 1.5x, https:\/\/i0.wp.com\/mytraveljournal-blog.com\/wp-content\/uploads\/2020\/11\/DSC04790-scaled.jpg?fit=1200%2C800&ssl=1&resize=700%2C400 2x, https:\/\/i0.wp.com\/mytraveljournal-blog.com\/wp-content\/uploads\/2020\/11\/DSC04790-scaled.jpg?fit=1200%2C800&ssl=1&resize=1050%2C600 3x"},"classes":[]},{"id":3597,"url":"https:\/\/mytraveljournal-blog.com\/de\/berlins-best-museums\/","url_meta":{"origin":380,"position":1},"title":"Kostenloser Eintritt zu Berlins besten Museen","author":"Florentina","date":"Montag, der 27. Februar 2023","format":false,"excerpt":"Berlin hat mehr als 175 Museen. Ich verrate dir, welche du besuchen solltest und versorge dich mit allen Infos rund um den kostenlosen Museumssonntag. Berlin hat mehr als 175 Museen zu bieten und damit mehr als es Regentage (rund 106 Tage) im Jahr gibt. Ein Tag im Museum ist perfekt,\u2026","rel":"","context":"In &quot;Berlin&quot;","block_context":{"text":"Berlin","link":"https:\/\/mytraveljournal-blog.com\/de\/category\/europe\/berlin\/"},"img":{"alt_text":"four museums from Berlin","src":"https:\/\/i0.wp.com\/mytraveljournal-blog.com\/wp-content\/uploads\/2023\/02\/Titelbild.jpg?fit=1200%2C675&ssl=1&resize=350%2C200","width":350,"height":200,"srcset":"https:\/\/i0.wp.com\/mytraveljournal-blog.com\/wp-content\/uploads\/2023\/02\/Titelbild.jpg?fit=1200%2C675&ssl=1&resize=350%2C200 1x, https:\/\/i0.wp.com\/mytraveljournal-blog.com\/wp-content\/uploads\/2023\/02\/Titelbild.jpg?fit=1200%2C675&ssl=1&resize=525%2C300 1.5x, https:\/\/i0.wp.com\/mytraveljournal-blog.com\/wp-content\/uploads\/2023\/02\/Titelbild.jpg?fit=1200%2C675&ssl=1&resize=700%2C400 2x, https:\/\/i0.wp.com\/mytraveljournal-blog.com\/wp-content\/uploads\/2023\/02\/Titelbild.jpg?fit=1200%2C675&ssl=1&resize=1050%2C600 3x"},"classes":[]},{"id":5396,"url":"https:\/\/mytraveljournal-blog.com\/de\/not-to-miss-in-berlin-locals-favourites\/","url_meta":{"origin":380,"position":2},"title":"Not to miss in Berlin \u2013 local&#8217;s favourites","author":"Florentina","date":"Freitag, der 27. September 2024","format":false,"excerpt":"Living in Berlin for 9 years, these are my absolute favourite spots in the city. I highly recommend visiting them if you\u2019re traveling to Berlin. I moved to Berlin in 2015, and here are my favourite spots (on no particular order) you should visit when you come to the city.\u2026","rel":"","context":"In &quot;Berlin&quot;","block_context":{"text":"Berlin","link":"https:\/\/mytraveljournal-blog.com\/de\/category\/europe\/berlin\/"},"img":{"alt_text":"Not to miss in Berlin","src":"https:\/\/i0.wp.com\/mytraveljournal-blog.com\/wp-content\/uploads\/2024\/09\/Flo-around-the-globe.png?fit=1200%2C675&ssl=1&resize=350%2C200","width":350,"height":200,"srcset":"https:\/\/i0.wp.com\/mytraveljournal-blog.com\/wp-content\/uploads\/2024\/09\/Flo-around-the-globe.png?fit=1200%2C675&ssl=1&resize=350%2C200 1x, https:\/\/i0.wp.com\/mytraveljournal-blog.com\/wp-content\/uploads\/2024\/09\/Flo-around-the-globe.png?fit=1200%2C675&ssl=1&resize=525%2C300 1.5x, https:\/\/i0.wp.com\/mytraveljournal-blog.com\/wp-content\/uploads\/2024\/09\/Flo-around-the-globe.png?fit=1200%2C675&ssl=1&resize=700%2C400 2x, https:\/\/i0.wp.com\/mytraveljournal-blog.com\/wp-content\/uploads\/2024\/09\/Flo-around-the-globe.png?fit=1200%2C675&ssl=1&resize=1050%2C600 3x"},"classes":[]},{"id":3069,"url":"https:\/\/mytraveljournal-blog.com\/de\/cherry-blossom-season-berlin\/","url_meta":{"origin":380,"position":3},"title":"Berlins beste Orte f\u00fcr die Kirschbl\u00fcten-Saison","author":"Florentina","date":"Mittwoch, der  3. April 2024","format":false,"excerpt":"Was hat die Kirschbl\u00fcten-Saison in Berlin mit dem Kalten Krieg zu tun? Welche Rolle spielte Japan dabei? Und wo findest du die besten Orte f\u00fcr ein Meer aus rosa Bl\u00fcten? \u2013 all das wirst du im folgenden Blogbeitrag erfahren. Jedes Jahr zwischen Mitte April und Anfang Mai erbl\u00fcht Berlin in\u2026","rel":"","context":"In &quot;Berlin&quot;","block_context":{"text":"Berlin","link":"https:\/\/mytraveljournal-blog.com\/de\/category\/europe\/berlin\/"},"img":{"alt_text":"Cherry Blossom in Berlin","src":"https:\/\/i0.wp.com\/mytraveljournal-blog.com\/wp-content\/uploads\/2021\/05\/DSC06541-scaled.jpg?fit=1200%2C800&ssl=1&resize=350%2C200","width":350,"height":200,"srcset":"https:\/\/i0.wp.com\/mytraveljournal-blog.com\/wp-content\/uploads\/2021\/05\/DSC06541-scaled.jpg?fit=1200%2C800&ssl=1&resize=350%2C200 1x, https:\/\/i0.wp.com\/mytraveljournal-blog.com\/wp-content\/uploads\/2021\/05\/DSC06541-scaled.jpg?fit=1200%2C800&ssl=1&resize=525%2C300 1.5x, https:\/\/i0.wp.com\/mytraveljournal-blog.com\/wp-content\/uploads\/2021\/05\/DSC06541-scaled.jpg?fit=1200%2C800&ssl=1&resize=700%2C400 2x, https:\/\/i0.wp.com\/mytraveljournal-blog.com\/wp-content\/uploads\/2021\/05\/DSC06541-scaled.jpg?fit=1200%2C800&ssl=1&resize=1050%2C600 3x"},"classes":[]},{"id":278,"url":"https:\/\/mytraveljournal-blog.com\/de\/food-market-berlin-2\/","url_meta":{"origin":380,"position":4},"title":"Food Market in Berlin","author":"Florentina","date":"Montag, der 16. Mai 2016","format":false,"excerpt":"I love to taste new dishes from foreign countries or enjoy meals I already know from my past vacations (it brings back good memories). That's why I was very excited when I heard about the food market at the 'G\u00f6rlitzer Bahnhof' in Berlin. From Switzerland to Peru ... In Berlin,\u2026","rel":"","context":"In &quot;Berlin&quot;","block_context":{"text":"Berlin","link":"https:\/\/mytraveljournal-blog.com\/de\/category\/europe\/berlin\/"},"img":{"alt_text":"","src":"https:\/\/i0.wp.com\/mytraveljournal-blog.com\/wp-content\/uploads\/2016\/05\/DSCN7100-scaled.jpg?fit=1200%2C900&ssl=1&resize=350%2C200","width":350,"height":200,"srcset":"https:\/\/i0.wp.com\/mytraveljournal-blog.com\/wp-content\/uploads\/2016\/05\/DSCN7100-scaled.jpg?fit=1200%2C900&ssl=1&resize=350%2C200 1x, https:\/\/i0.wp.com\/mytraveljournal-blog.com\/wp-content\/uploads\/2016\/05\/DSCN7100-scaled.jpg?fit=1200%2C900&ssl=1&resize=525%2C300 1.5x, https:\/\/i0.wp.com\/mytraveljournal-blog.com\/wp-content\/uploads\/2016\/05\/DSCN7100-scaled.jpg?fit=1200%2C900&ssl=1&resize=700%2C400 2x, https:\/\/i0.wp.com\/mytraveljournal-blog.com\/wp-content\/uploads\/2016\/05\/DSCN7100-scaled.jpg?fit=1200%2C900&ssl=1&resize=1050%2C600 3x"},"classes":[]},{"id":1438,"url":"https:\/\/mytraveljournal-blog.com\/de\/222-days-of-asia\/","url_meta":{"origin":380,"position":5},"title":"222 Tage Asien \u2013 Backpacking &#038; Kulturschock in 13 L\u00e4ndern","author":"Florentina","date":"Dienstag, der 15. M\u00e4rz 2022","format":false,"excerpt":"In 222 Tagen habe ich 13 verschiedene L\u00e4nder bereist. Alles begann mit meinem Auslandssemester in Seoul Ende August 2016. Danach ging es von Peking bis nach Bali. Die Reise endete schlie\u00dflich mit einem letzten Zwischenstopp in den Vereinigten Arabischen Emiraten. W\u00e4hrend der gesamten Zeit lernte ich eine Menge \u00fcbers Backpacken,\u2026","rel":"","context":"In &quot;Kambodscha&quot;","block_context":{"text":"Kambodscha","link":"https:\/\/mytraveljournal-blog.com\/de\/category\/asia\/cambodia\/"},"img":{"alt_text":"Cherry blossom trees in a king's palace in Korea","src":"https:\/\/i0.wp.com\/mytraveljournal-blog.com\/wp-content\/uploads\/2017\/05\/DSCN5979-scaled.jpg?fit=1200%2C900&ssl=1&resize=350%2C200","width":350,"height":200,"srcset":"https:\/\/i0.wp.com\/mytraveljournal-blog.com\/wp-content\/uploads\/2017\/05\/DSCN5979-scaled.jpg?fit=1200%2C900&ssl=1&resize=350%2C200 1x, https:\/\/i0.wp.com\/mytraveljournal-blog.com\/wp-content\/uploads\/2017\/05\/DSCN5979-scaled.jpg?fit=1200%2C900&ssl=1&resize=525%2C300 1.5x, https:\/\/i0.wp.com\/mytraveljournal-blog.com\/wp-content\/uploads\/2017\/05\/DSCN5979-scaled.jpg?fit=1200%2C900&ssl=1&resize=700%2C400 2x, https:\/\/i0.wp.com\/mytraveljournal-blog.com\/wp-content\/uploads\/2017\/05\/DSCN5979-scaled.jpg?fit=1200%2C900&ssl=1&resize=1050%2C600 3x"},"classes":[]}],"_links":{"self":[{"href":"https:\/\/mytraveljournal-blog.com\/de\/wp-json\/wp\/v2\/posts\/380","targetHints":{"allow":["GET"]}}],"collection":[{"href":"https:\/\/mytraveljournal-blog.com\/de\/wp-json\/wp\/v2\/posts"}],"about":[{"href":"https:\/\/mytraveljournal-blog.com\/de\/wp-json\/wp\/v2\/types\/post"}],"author":[{"embeddable":true,"href":"https:\/\/mytraveljournal-blog.com\/de\/wp-json\/wp\/v2\/users\/1"}],"replies":[{"embeddable":true,"href":"https:\/\/mytraveljournal-blog.com\/de\/wp-json\/wp\/v2\/comments?post=380"}],"version-history":[{"count":9,"href":"https:\/\/mytraveljournal-blog.com\/de\/wp-json\/wp\/v2\/posts\/380\/revisions"}],"predecessor-version":[{"id":5102,"href":"https:\/\/mytraveljournal-blog.com\/de\/wp-json\/wp\/v2\/posts\/380\/revisions\/5102"}],"wp:featuredmedia":[{"embeddable":true,"href":"https:\/\/mytraveljournal-blog.com\/de\/wp-json\/wp\/v2\/media\/2686"}],"wp:attachment":[{"href":"https:\/\/mytraveljournal-blog.com\/de\/wp-json\/wp\/v2\/media?parent=380"}],"wp:term":[{"taxonomy":"category","embeddable":true,"href":"https:\/\/mytraveljournal-blog.com\/de\/wp-json\/wp\/v2\/categories?post=380"},{"taxonomy":"post_tag","embeddable":true,"href":"https:\/\/mytraveljournal-blog.com\/de\/wp-json\/wp\/v2\/tags?post=380"}],"curies":[{"name":"wp","href":"https:\/\/api.w.org\/{rel}","templated":true}]}}