{"id":3821,"date":"2022-08-31T21:55:00","date_gmt":"2022-08-31T19:55:00","guid":{"rendered":"https:\/\/mytraveljournal-blog.com\/?p=3821"},"modified":"2022-09-01T21:56:44","modified_gmt":"2022-09-01T19:56:44","slug":"visiting-gaudis-architecture","status":"publish","type":"post","link":"https:\/\/mytraveljournal-blog.com\/de\/visiting-gaudis-architecture\/","title":{"rendered":"Besuch von Gaud\u00eds bekanntester Architektur \u2013 lohnt es sich?"},"content":{"rendered":"<p><\/p>\n\n\n\n<p><em><strong>Antoni Gaud\u00ed <\/strong>(1852-1926) ist einer der<strong> pr\u00e4gendsten Architekten Barcelonas<\/strong> und bekannt als der gr\u00f6\u00dfte Vertreter der katalanischen Moderne. Er entwarf mehr als zehn verschiedene Geb\u00e4ude in und um Kataloniens Hauptstadt. Sieben von ihnen sind Teil des <strong>UNESCO-Weltkulturerbes<\/strong>. Ich habe vier von ihnen besucht. <strong>Hat es sich gelohnt?<\/strong><\/em><\/p>\n\n\n\n<figure class=\"wp-block-image size-large is-style-default\"><a href=\"https:\/\/i0.wp.com\/mytraveljournal-blog.com\/wp-content\/uploads\/2022\/08\/02-Bild-scaled.jpg?ssl=1\" target=\"_blank\" rel=\"noreferrer noopener\"><img data-recalc-dims=\"1\" decoding=\"async\" width=\"525\" height=\"350\" data-attachment-id=\"3827\" data-permalink=\"https:\/\/mytraveljournal-blog.com\/de\/visiting-gaudis-architecture\/02-bild\/\" data-orig-file=\"https:\/\/i0.wp.com\/mytraveljournal-blog.com\/wp-content\/uploads\/2022\/08\/02-Bild-scaled.jpg?fit=2560%2C1707&amp;ssl=1\" data-orig-size=\"2560,1707\" data-comments-opened=\"1\" data-image-meta=\"{&quot;aperture&quot;:&quot;4&quot;,&quot;credit&quot;:&quot;&quot;,&quot;camera&quot;:&quot;ILCE-6000&quot;,&quot;caption&quot;:&quot;&quot;,&quot;created_timestamp&quot;:&quot;0&quot;,&quot;copyright&quot;:&quot;&quot;,&quot;focal_length&quot;:&quot;16&quot;,&quot;iso&quot;:&quot;640&quot;,&quot;shutter_speed&quot;:&quot;0.00625&quot;,&quot;title&quot;:&quot;&quot;,&quot;orientation&quot;:&quot;0&quot;}\" data-image-title=\"The staircase of Casa Battl\u00f3\" data-image-description=\"\" data-image-caption=\"\" data-large-file=\"https:\/\/i0.wp.com\/mytraveljournal-blog.com\/wp-content\/uploads\/2022\/08\/02-Bild-scaled.jpg?fit=525%2C350&amp;ssl=1\" data-src=\"https:\/\/i0.wp.com\/mytraveljournal-blog.com\/wp-content\/uploads\/2022\/08\/02-Bild.jpg?resize=525%2C350&#038;ssl=1\" alt=\"The staircase of Casa Battl\u00f3\" class=\"wp-image-3827 lazyload\" data-srcset=\"https:\/\/i0.wp.com\/mytraveljournal-blog.com\/wp-content\/uploads\/2022\/08\/02-Bild-scaled.jpg?resize=1024%2C683&amp;ssl=1 1024w, https:\/\/i0.wp.com\/mytraveljournal-blog.com\/wp-content\/uploads\/2022\/08\/02-Bild-scaled.jpg?resize=300%2C200&amp;ssl=1 300w, https:\/\/i0.wp.com\/mytraveljournal-blog.com\/wp-content\/uploads\/2022\/08\/02-Bild-scaled.jpg?resize=768%2C512&amp;ssl=1 768w, https:\/\/i0.wp.com\/mytraveljournal-blog.com\/wp-content\/uploads\/2022\/08\/02-Bild-scaled.jpg?resize=1536%2C1024&amp;ssl=1 1536w, https:\/\/i0.wp.com\/mytraveljournal-blog.com\/wp-content\/uploads\/2022\/08\/02-Bild-scaled.jpg?resize=2048%2C1365&amp;ssl=1 2048w, https:\/\/i0.wp.com\/mytraveljournal-blog.com\/wp-content\/uploads\/2022\/08\/02-Bild-scaled.jpg?resize=272%2C182&amp;ssl=1 272w\" data-sizes=\"(max-width: 767px) 89vw, (max-width: 1000px) 54vw, (max-width: 1071px) 543px, 580px\" src=\"data:image\/svg+xml;base64,PHN2ZyB3aWR0aD0iMSIgaGVpZ2h0PSIxIiB4bWxucz0iaHR0cDovL3d3dy53My5vcmcvMjAwMC9zdmciPjwvc3ZnPg==\" style=\"--smush-placeholder-width: 525px; --smush-placeholder-aspect-ratio: 525\/350;\" \/><\/a><figcaption>Das Treppenhaus von Casa Battl\u00f3<\/figcaption><\/figure>\n\n\n\n<p class=\"has-drop-cap\">Ich war das erste Mal 2014 in <strong>Barcelona<\/strong>. Es war Liebe auf den ersten Blick. Kaum eine andere Stadt bietet so viel <strong>unglaubliche Architektur, Kunst, Kultur und wundersch\u00f6ne Bauwerke<\/strong>. Ein gro\u00dfer Anteil daran geb\u00fchrt Gaud\u00ed. Aber auch damals waren die Eintrittspreise bereits sehr hoch und f\u00fcr uns als Studentinnen einfach zu teuer. Wir besuchten nur einen Teil von Park G\u00fcell, welcher damals noch kostenlos war (nur der kleinere Teil mit den bunten B\u00e4nken und H\u00e4usern kostete Eintritt). Aber schon damals wollte ich unbedingt noch mal zur\u00fcckkommen, um mir Gaud\u00eds Arbeiten genauer anzusehen \u2013 und dieses Jahr war es soweit.<\/p>\n\n\n\n<p><strong>Park G\u00fcell, Palau G\u00fcell, Casa Mil\u00e0, Casa Vicens, Sagrada Fam\u00edlia, Casa Batll\u00f3 und Cripta G\u00fcell <\/strong>sind die <strong>sieben Werke von Antoni Gaud\u00ed<\/strong>, welche <strong>Teil des UNESCO-Weltkulturerbes <\/strong>sind. Ich war ihn vieren davon. Generell habe ich alle meine Gaud\u00ed-Besuche sehr genossen und es nicht bereut, wirklich viel Geld daf\u00fcr ausgegeben zu haben. Aber im R\u00fcckblick haben sich vor allem<strong> zwei Besuche mehr gelohnt<\/strong>, <strong>die anderen k\u00f6nnte man notfalls auch weglassen<\/strong>.<\/p>\n\n\n\n<blockquote class=\"instagram-media\" data-instgrm-captioned=\"\" data-instgrm-permalink=\"https:\/\/www.instagram.com\/reel\/Cghn9o4NPK_\/?utm_source=ig_embed&amp;utm_campaign=loading\" data-instgrm-version=\"14\" style=\" background:#FFF; border:0; border-radius:3px; box-shadow:0 0 1px 0 rgba(0,0,0,0.5),0 1px 10px 0 rgba(0,0,0,0.15); margin: 1px; max-width:540px; min-width:326px; padding:0; width:99.375%; width:-webkit-calc(100% - 2px); width:calc(100% - 2px);\"><div style=\"padding:16px;\"> <a href=\"https:\/\/www.instagram.com\/reel\/Cghn9o4NPK_\/?utm_source=ig_embed&amp;utm_campaign=loading\" style=\" background:#FFFFFF; line-height:0; padding:0 0; text-align:center; text-decoration:none; width:100%;\" target=\"_blank\" rel=\"noopener\"> <div style=\" display: flex; flex-direction: row; align-items: center;\"> <div style=\"background-color: #F4F4F4; border-radius: 50%; flex-grow: 0; height: 40px; margin-right: 14px; width: 40px;\"><\/div> <div style=\"display: flex; flex-direction: column; flex-grow: 1; justify-content: center;\"> <div style=\" background-color: #F4F4F4; border-radius: 4px; flex-grow: 0; height: 14px; margin-bottom: 6px; width: 100px;\"><\/div> <div style=\" background-color: #F4F4F4; border-radius: 4px; flex-grow: 0; height: 14px; width: 60px;\"><\/div><\/div><\/div><div style=\"padding: 19% 0;\"><\/div> <div style=\"display:block; height:50px; margin:0 auto 12px; width:50px;\"><svg width=\"50px\" height=\"50px\" viewBox=\"0 0 60 60\" version=\"1.1\" xmlns=\"https:\/\/www.w3.org\/2000\/svg\" xmlns:xlink=\"https:\/\/www.w3.org\/1999\/xlink\"><g stroke=\"none\" stroke-width=\"1\" fill=\"none\" fill-rule=\"evenodd\"><g transform=\"translate(-511.000000, -20.000000)\" fill=\"#000000\"><g><path d=\"M556.869,30.41 C554.814,30.41 553.148,32.076 553.148,34.131 C553.148,36.186 554.814,37.852 556.869,37.852 C558.924,37.852 560.59,36.186 560.59,34.131 C560.59,32.076 558.924,30.41 556.869,30.41 M541,60.657 C535.114,60.657 530.342,55.887 530.342,50 C530.342,44.114 535.114,39.342 541,39.342 C546.887,39.342 551.658,44.114 551.658,50 C551.658,55.887 546.887,60.657 541,60.657 M541,33.886 C532.1,33.886 524.886,41.1 524.886,50 C524.886,58.899 532.1,66.113 541,66.113 C549.9,66.113 557.115,58.899 557.115,50 C557.115,41.1 549.9,33.886 541,33.886 M565.378,62.101 C565.244,65.022 564.756,66.606 564.346,67.663 C563.803,69.06 563.154,70.057 562.106,71.106 C561.058,72.155 560.06,72.803 558.662,73.347 C557.607,73.757 556.021,74.244 553.102,74.378 C549.944,74.521 548.997,74.552 541,74.552 C533.003,74.552 532.056,74.521 528.898,74.378 C525.979,74.244 524.393,73.757 523.338,73.347 C521.94,72.803 520.942,72.155 519.894,71.106 C518.846,70.057 518.197,69.06 517.654,67.663 C517.244,66.606 516.755,65.022 516.623,62.101 C516.479,58.943 516.448,57.996 516.448,50 C516.448,42.003 516.479,41.056 516.623,37.899 C516.755,34.978 517.244,33.391 517.654,32.338 C518.197,30.938 518.846,29.942 519.894,28.894 C520.942,27.846 521.94,27.196 523.338,26.654 C524.393,26.244 525.979,25.756 528.898,25.623 C532.057,25.479 533.004,25.448 541,25.448 C548.997,25.448 549.943,25.479 553.102,25.623 C556.021,25.756 557.607,26.244 558.662,26.654 C560.06,27.196 561.058,27.846 562.106,28.894 C563.154,29.942 563.803,30.938 564.346,32.338 C564.756,33.391 565.244,34.978 565.378,37.899 C565.522,41.056 565.552,42.003 565.552,50 C565.552,57.996 565.522,58.943 565.378,62.101 M570.82,37.631 C570.674,34.438 570.167,32.258 569.425,30.349 C568.659,28.377 567.633,26.702 565.965,25.035 C564.297,23.368 562.623,22.342 560.652,21.575 C558.743,20.834 556.562,20.326 553.369,20.18 C550.169,20.033 549.148,20 541,20 C532.853,20 531.831,20.033 528.631,20.18 C525.438,20.326 523.257,20.834 521.349,21.575 C519.376,22.342 517.703,23.368 516.035,25.035 C514.368,26.702 513.342,28.377 512.574,30.349 C511.834,32.258 511.326,34.438 511.181,37.631 C511.035,40.831 511,41.851 511,50 C511,58.147 511.035,59.17 511.181,62.369 C511.326,65.562 511.834,67.743 512.574,69.651 C513.342,71.625 514.368,73.296 516.035,74.965 C517.703,76.634 519.376,77.658 521.349,78.425 C523.257,79.167 525.438,79.673 528.631,79.82 C531.831,79.965 532.853,80.001 541,80.001 C549.148,80.001 550.169,79.965 553.369,79.82 C556.562,79.673 558.743,79.167 560.652,78.425 C562.623,77.658 564.297,76.634 565.965,74.965 C567.633,73.296 568.659,71.625 569.425,69.651 C570.167,67.743 570.674,65.562 570.82,62.369 C570.966,59.17 571,58.147 571,50 C571,41.851 570.966,40.831 570.82,37.631\"><\/path><\/g><\/g><\/g><\/svg><\/div><div style=\"padding-top: 8px;\"> <div style=\" color:#3897f0; font-family:Arial,sans-serif; font-size:14px; font-style:normal; font-weight:550; line-height:18px;\">Sieh dir diesen Beitrag auf Instagram an<\/div><\/div><div style=\"padding: 12.5% 0;\"><\/div> <div style=\"display: flex; flex-direction: row; margin-bottom: 14px; align-items: center;\"><div> <div style=\"background-color: #F4F4F4; border-radius: 50%; height: 12.5px; width: 12.5px; transform: translateX(0px) translateY(7px);\"><\/div> <div style=\"background-color: #F4F4F4; height: 12.5px; transform: rotate(-45deg) translateX(3px) translateY(1px); width: 12.5px; flex-grow: 0; margin-right: 14px; margin-left: 2px;\"><\/div> <div style=\"background-color: #F4F4F4; border-radius: 50%; height: 12.5px; width: 12.5px; transform: translateX(9px) translateY(-18px);\"><\/div><\/div><div style=\"margin-left: 8px;\"> <div style=\" background-color: #F4F4F4; border-radius: 50%; flex-grow: 0; height: 20px; width: 20px;\"><\/div> <div style=\" width: 0; height: 0; border-top: 2px solid transparent; border-left: 6px solid #f4f4f4; border-bottom: 2px solid transparent; transform: translateX(16px) translateY(-4px) rotate(30deg)\"><\/div><\/div><div style=\"margin-left: auto;\"> <div style=\" width: 0px; border-top: 8px solid #F4F4F4; border-right: 8px solid transparent; transform: translateY(16px);\"><\/div> <div style=\" background-color: #F4F4F4; flex-grow: 0; height: 12px; width: 16px; transform: translateY(-4px);\"><\/div> <div style=\" width: 0; height: 0; border-top: 8px solid #F4F4F4; border-left: 8px solid transparent; transform: translateY(-4px) translateX(8px);\"><\/div><\/div><\/div> <div style=\"display: flex; flex-direction: column; flex-grow: 1; justify-content: center; margin-bottom: 24px;\"> <div style=\" background-color: #F4F4F4; border-radius: 4px; flex-grow: 0; height: 14px; margin-bottom: 6px; width: 224px;\"><\/div> <div style=\" background-color: #F4F4F4; border-radius: 4px; flex-grow: 0; height: 14px; width: 144px;\"><\/div><\/div><\/a><p style=\" color:#c9c8cd; font-family:Arial,sans-serif; font-size:14px; line-height:17px; margin-bottom:0; margin-top:8px; overflow:hidden; padding:8px 0 7px; text-align:center; text-overflow:ellipsis; white-space:nowrap;\"><a href=\"https:\/\/www.instagram.com\/reel\/Cghn9o4NPK_\/?utm_source=ig_embed&amp;utm_campaign=loading\" style=\" color:#c9c8cd; font-family:Arial,sans-serif; font-size:14px; font-style:normal; font-weight:normal; line-height:17px; text-decoration:none;\" target=\"_blank\" rel=\"noopener\">Ein Beitrag geteilt von My Travel Journal-Blog (@mytraveljournalblog)<\/a><\/p><\/div><\/blockquote> <script async=\"\" src=\"\/\/www.instagram.com\/embed.js\"><\/script>\n\n\n\n<p>Ich besuchte vier der bekanntesten Arbeiten von Antoni Gaud\u00ed: <strong>Casa Batll\u00f3, Sagrada Fam\u00edlia, Casa Vicens<\/strong> und <strong>Park G\u00fcell<\/strong>.<\/p>\n\n\n\n<p><\/p>\n\n\n\n<div id=\"ez-toc-container\" class=\"ez-toc-v2_0_82_2 counter-hierarchy ez-toc-counter ez-toc-custom ez-toc-container-direction\">\n<p class=\"ez-toc-title\" style=\"cursor:inherit\">Content<\/p>\n<label for=\"ez-toc-cssicon-toggle-item-69f705997d43b\" class=\"ez-toc-cssicon-toggle-label\"><span class=\"\"><span class=\"eztoc-hide\" style=\"display:none;\">Toggle<\/span><span class=\"ez-toc-icon-toggle-span\"><svg style=\"fill: #ffffff;color:#ffffff\" xmlns=\"http:\/\/www.w3.org\/2000\/svg\" class=\"list-377408\" width=\"20px\" height=\"20px\" viewBox=\"0 0 24 24\" fill=\"none\"><path d=\"M6 6H4v2h2V6zm14 0H8v2h12V6zM4 11h2v2H4v-2zm16 0H8v2h12v-2zM4 16h2v2H4v-2zm16 0H8v2h12v-2z\" fill=\"currentColor\"><\/path><\/svg><svg style=\"fill: #ffffff;color:#ffffff\" class=\"arrow-unsorted-368013\" xmlns=\"http:\/\/www.w3.org\/2000\/svg\" width=\"10px\" height=\"10px\" viewBox=\"0 0 24 24\" version=\"1.2\" baseProfile=\"tiny\"><path d=\"M18.2 9.3l-6.2-6.3-6.2 6.3c-.2.2-.3.4-.3.7s.1.5.3.7c.2.2.4.3.7.3h11c.3 0 .5-.1.7-.3.2-.2.3-.5.3-.7s-.1-.5-.3-.7zM5.8 14.7l6.2 6.3 6.2-6.3c.2-.2.3-.5.3-.7s-.1-.5-.3-.7c-.2-.2-.4-.3-.7-.3h-11c-.3 0-.5.1-.7.3-.2.2-.3.5-.3.7s.1.5.3.7z\"\/><\/svg><\/span><\/span><\/label><input type=\"checkbox\"  id=\"ez-toc-cssicon-toggle-item-69f705997d43b\"  aria-label=\"Toggle\" \/><nav><ul class='ez-toc-list ez-toc-list-level-1 ' ><li class='ez-toc-page-1 ez-toc-heading-level-5'><a class=\"ez-toc-link ez-toc-heading-1\" href=\"https:\/\/mytraveljournal-blog.com\/de\/visiting-gaudis-architecture\/#Casa_Batllo_1904-1906\" >Casa Batll\u00f3 (1904-1906)<\/a><ul class='ez-toc-list-level-6' ><li class='ez-toc-heading-level-6'><a class=\"ez-toc-link ez-toc-heading-2\" href=\"https:\/\/mytraveljournal-blog.com\/de\/visiting-gaudis-architecture\/#Mein_erster_Eindruck\" >Mein erster Eindruck<\/a><\/li><li class='ez-toc-page-1 ez-toc-heading-level-6'><a class=\"ez-toc-link ez-toc-heading-3\" href=\"https:\/\/mytraveljournal-blog.com\/de\/visiting-gaudis-architecture\/#Lohnt_es_sich\" >Lohnt es sich?<\/a><\/li><\/ul><\/li><li class='ez-toc-page-1 ez-toc-heading-level-5'><a class=\"ez-toc-link ez-toc-heading-4\" href=\"https:\/\/mytraveljournal-blog.com\/de\/visiting-gaudis-architecture\/#Sagrada_Familia_1882-heute_Gaudi_1883-1926\" >Sagrada Fam\u00edlia (1882-heute; Gaud\u00ed: 1883-1926)<\/a><ul class='ez-toc-list-level-6' ><li class='ez-toc-heading-level-6'><a class=\"ez-toc-link ez-toc-heading-5\" href=\"https:\/\/mytraveljournal-blog.com\/de\/visiting-gaudis-architecture\/#Mein_erster_Eindruck-2\" >Mein erster Eindruck<\/a><\/li><li class='ez-toc-page-1 ez-toc-heading-level-6'><a class=\"ez-toc-link ez-toc-heading-6\" href=\"https:\/\/mytraveljournal-blog.com\/de\/visiting-gaudis-architecture\/#Lohnt_es_sich-2\" >Lohnt es sich?<\/a><\/li><\/ul><\/li><li class='ez-toc-page-1 ez-toc-heading-level-5'><a class=\"ez-toc-link ez-toc-heading-7\" href=\"https:\/\/mytraveljournal-blog.com\/de\/visiting-gaudis-architecture\/#Casa_Vicens_1883-1885\" >Casa Vicens (1883-1885)<\/a><ul class='ez-toc-list-level-6' ><li class='ez-toc-heading-level-6'><a class=\"ez-toc-link ez-toc-heading-8\" href=\"https:\/\/mytraveljournal-blog.com\/de\/visiting-gaudis-architecture\/#Mein_erster_Eindruck-3\" >Mein erster Eindruck<\/a><\/li><li class='ez-toc-page-1 ez-toc-heading-level-6'><a class=\"ez-toc-link ez-toc-heading-9\" href=\"https:\/\/mytraveljournal-blog.com\/de\/visiting-gaudis-architecture\/#Lohnt_es_sich-3\" >Lohnt es sich?<\/a><\/li><\/ul><\/li><li class='ez-toc-page-1 ez-toc-heading-level-5'><a class=\"ez-toc-link ez-toc-heading-10\" href=\"https:\/\/mytraveljournal-blog.com\/de\/visiting-gaudis-architecture\/#Park_Gueell_1900-1914\" >Park G\u00fcell (1900-1914)<\/a><ul class='ez-toc-list-level-6' ><li class='ez-toc-heading-level-6'><a class=\"ez-toc-link ez-toc-heading-11\" href=\"https:\/\/mytraveljournal-blog.com\/de\/visiting-gaudis-architecture\/#Mein_erster_Eindruck-4\" >Mein erster Eindruck<\/a><\/li><li class='ez-toc-page-1 ez-toc-heading-level-6'><a class=\"ez-toc-link ez-toc-heading-12\" href=\"https:\/\/mytraveljournal-blog.com\/de\/visiting-gaudis-architecture\/#Lohnt_es_sich-4\" >Lohnt es sich?<\/a><\/li><\/ul><\/li><\/ul><\/nav><\/div>\n<h5 class=\"wp-block-heading\"><span class=\"ez-toc-section\" id=\"Casa_Batllo_1904-1906\"><\/span><strong>Casa Batll\u00f3 (1904-1906)<\/strong><span class=\"ez-toc-section-end\"><\/span><\/h5>\n\n\n\n<p>Eintrittspreis: ab 35 Euro<\/p>\n\n\n<div class=\"wp-block-image is-style-default\">\n<figure class=\"alignleft size-thumbnail\"><a href=\"https:\/\/i0.wp.com\/mytraveljournal-blog.com\/wp-content\/uploads\/2022\/08\/03-Casa-Battlo-scaled.jpg?ssl=1\" target=\"_blank\" rel=\"noreferrer noopener\"><img data-recalc-dims=\"1\" decoding=\"async\" width=\"150\" height=\"150\" data-attachment-id=\"3828\" data-permalink=\"https:\/\/mytraveljournal-blog.com\/de\/visiting-gaudis-architecture\/03-casa-battlo\/\" data-orig-file=\"https:\/\/i0.wp.com\/mytraveljournal-blog.com\/wp-content\/uploads\/2022\/08\/03-Casa-Battlo-scaled.jpg?fit=1707%2C2560&amp;ssl=1\" data-orig-size=\"1707,2560\" data-comments-opened=\"1\" data-image-meta=\"{&quot;aperture&quot;:&quot;6.3&quot;,&quot;credit&quot;:&quot;&quot;,&quot;camera&quot;:&quot;ILCE-6000&quot;,&quot;caption&quot;:&quot;&quot;,&quot;created_timestamp&quot;:&quot;0&quot;,&quot;copyright&quot;:&quot;&quot;,&quot;focal_length&quot;:&quot;48&quot;,&quot;iso&quot;:&quot;100&quot;,&quot;shutter_speed&quot;:&quot;0.01&quot;,&quot;title&quot;:&quot;&quot;,&quot;orientation&quot;:&quot;0&quot;}\" data-image-title=\"Casa Battl\u00f3\" data-image-description=\"\" data-image-caption=\"\" data-large-file=\"https:\/\/i0.wp.com\/mytraveljournal-blog.com\/wp-content\/uploads\/2022\/08\/03-Casa-Battlo-scaled.jpg?fit=525%2C787&amp;ssl=1\" data-src=\"https:\/\/i0.wp.com\/mytraveljournal-blog.com\/wp-content\/uploads\/2022\/08\/03-Casa-Battlo.jpg?resize=150%2C150&#038;ssl=1\" alt=\"The facade of Casa Battl\u00f3\" class=\"wp-image-3828 lazyload\" data-srcset=\"https:\/\/i0.wp.com\/mytraveljournal-blog.com\/wp-content\/uploads\/2022\/08\/03-Casa-Battlo-scaled.jpg?resize=150%2C150&amp;ssl=1 150w, https:\/\/i0.wp.com\/mytraveljournal-blog.com\/wp-content\/uploads\/2022\/08\/03-Casa-Battlo-scaled.jpg?resize=100%2C100&amp;ssl=1 100w, https:\/\/i0.wp.com\/mytraveljournal-blog.com\/wp-content\/uploads\/2022\/08\/03-Casa-Battlo-scaled.jpg?zoom=2&amp;resize=150%2C150&amp;ssl=1 300w, https:\/\/i0.wp.com\/mytraveljournal-blog.com\/wp-content\/uploads\/2022\/08\/03-Casa-Battlo-scaled.jpg?zoom=3&amp;resize=150%2C150&amp;ssl=1 450w\" data-sizes=\"(max-width: 150px) 100vw, 150px\" src=\"data:image\/svg+xml;base64,PHN2ZyB3aWR0aD0iMSIgaGVpZ2h0PSIxIiB4bWxucz0iaHR0cDovL3d3dy53My5vcmcvMjAwMC9zdmciPjwvc3ZnPg==\" style=\"--smush-placeholder-width: 150px; --smush-placeholder-aspect-ratio: 150\/150;\" \/><\/a><\/figure>\n<\/div>\n\n\n<p>Casa Battl\u00f3 befindet sich im Stadtzentrum von Barcelona und ist eines von Gaud\u00eds bekannteren Werken. Das Haus selbst wurde bereits 1877 von Emilio Sala Cort\u00e9s erbaut, jedoch beauftragte Josep Batll\u00f3 sp\u00e4ter Antoni Gaud\u00ed mit dem Wiederaufbau. Gaud\u00ed gestaltete das Haus um, indem er die Fassade wie auch das Innere vollst\u00e4ndig ver\u00e4nderte. Casa Batll\u00f3 ist in guter Gesellschaft. Im gleichen Zeitraum wurden auch umliegende Geb\u00e4ude von anderen prominenten Architekten renoviert. Dieser spezifische Zeitraum wird <em>Bone of Contention<\/em> genannt.<br>Seit den 1950er-Jahren ist Casa Batll\u00f3 nicht mehr im Besitz der Familie Battl\u00f3. Es wurde 1995 der \u00d6ffentlichkeit zug\u00e4nglich gemacht. Laut der offiziellen Seite hat Casa Battl\u00f3 rund 1 Million Besucher j\u00e4hrlich.<\/p>\n\n\n\n<h6 class=\"wp-block-heading\"><span class=\"ez-toc-section\" id=\"Mein_erster_Eindruck\"><\/span>Mein erster Eindruck<span class=\"ez-toc-section-end\"><\/span><\/h6>\n\n\n<div class=\"wp-block-image is-style-default\">\n<figure class=\"alignright size-thumbnail\"><a href=\"https:\/\/i0.wp.com\/mytraveljournal-blog.com\/wp-content\/uploads\/2022\/08\/DSC01214-scaled.jpg?ssl=1\" target=\"_blank\" rel=\"noreferrer noopener\"><img data-recalc-dims=\"1\" decoding=\"async\" width=\"150\" height=\"150\" data-attachment-id=\"3832\" data-permalink=\"https:\/\/mytraveljournal-blog.com\/de\/visiting-gaudis-architecture\/dsc01214\/\" data-orig-file=\"https:\/\/i0.wp.com\/mytraveljournal-blog.com\/wp-content\/uploads\/2022\/08\/DSC01214-scaled.jpg?fit=1707%2C2560&amp;ssl=1\" data-orig-size=\"1707,2560\" data-comments-opened=\"1\" data-image-meta=\"{&quot;aperture&quot;:&quot;3.5&quot;,&quot;credit&quot;:&quot;&quot;,&quot;camera&quot;:&quot;ILCE-6000&quot;,&quot;caption&quot;:&quot;&quot;,&quot;created_timestamp&quot;:&quot;0&quot;,&quot;copyright&quot;:&quot;&quot;,&quot;focal_length&quot;:&quot;16&quot;,&quot;iso&quot;:&quot;1600&quot;,&quot;shutter_speed&quot;:&quot;0.00625&quot;,&quot;title&quot;:&quot;&quot;,&quot;orientation&quot;:&quot;0&quot;}\" data-image-title=\"A chandelier in Casa Battl\u00f3\" data-image-description=\"\" data-image-caption=\"\" data-large-file=\"https:\/\/i0.wp.com\/mytraveljournal-blog.com\/wp-content\/uploads\/2022\/08\/DSC01214-scaled.jpg?fit=525%2C787&amp;ssl=1\" data-src=\"https:\/\/i0.wp.com\/mytraveljournal-blog.com\/wp-content\/uploads\/2022\/08\/DSC01214.jpg?resize=150%2C150&#038;ssl=1\" alt=\"A chandelier in Casa Battl\u00f3\" class=\"wp-image-3832 lazyload\" data-srcset=\"https:\/\/i0.wp.com\/mytraveljournal-blog.com\/wp-content\/uploads\/2022\/08\/DSC01214-scaled.jpg?resize=150%2C150&amp;ssl=1 150w, https:\/\/i0.wp.com\/mytraveljournal-blog.com\/wp-content\/uploads\/2022\/08\/DSC01214-scaled.jpg?resize=100%2C100&amp;ssl=1 100w, https:\/\/i0.wp.com\/mytraveljournal-blog.com\/wp-content\/uploads\/2022\/08\/DSC01214-scaled.jpg?zoom=2&amp;resize=150%2C150&amp;ssl=1 300w, https:\/\/i0.wp.com\/mytraveljournal-blog.com\/wp-content\/uploads\/2022\/08\/DSC01214-scaled.jpg?zoom=3&amp;resize=150%2C150&amp;ssl=1 450w\" data-sizes=\"(max-width: 150px) 100vw, 150px\" src=\"data:image\/svg+xml;base64,PHN2ZyB3aWR0aD0iMSIgaGVpZ2h0PSIxIiB4bWxucz0iaHR0cDovL3d3dy53My5vcmcvMjAwMC9zdmciPjwvc3ZnPg==\" style=\"--smush-placeholder-width: 150px; --smush-placeholder-aspect-ratio: 150\/150;\" \/><\/a><figcaption>Die Decke im Muster einer Giraffe im Casa Battl\u00f3<\/figcaption><\/figure>\n<\/div>\n\n\n<p>Wie bei jeder Arbeit Gaud\u00eds war ich auch hier besonders von seiner <strong>Bautechnik <\/strong>beeindruckt. Bereits die Fassade des Geb\u00e4udes ist grandios, auch wenn ich in den Balkonen immer Totenk\u00f6pfe sehe (keine Ahnung, ob das wirklich welche sein sollen). Gaud\u00ed wei\u00df wirklich, wie man Geb\u00e4ude gestaltet und <strong>nat\u00fcrliche Elemente, Licht und Luft<\/strong> f\u00fcr seine Arbeit nutzt. Das Design seiner R\u00e4ume ist unglaublich durchdacht, ich war wirklich erstaunt \u00fcber die Raffinesse hinter der Gestaltung und dem Aufbau des Hauses. F\u00fcr den Fall, dass du dich f\u00fcr einen Besuch von Casa Battl\u00f3 entscheidest, solltest du dir unbedingt die Zeit nehmen, dir den <strong>Audioguide komplett anzuh\u00f6ren<\/strong>. Er wird dir eine Menge \u00fcber Gaud\u00eds Gedanken und Pl\u00e4ne hinter der Gestaltung der verschiedenen R\u00e4ume verraten. <strong>Das Haus wirkt auch heute noch modern <\/strong>und zeigt <strong>Gaud\u00eds Genie<\/strong>, der seine Arbeit wirklich verstanden hat. Mein <strong>Lieblingszimmer<\/strong> war wahrscheinlich eines der ersten, welches ein <strong>Giraffenmuster als Deckendeko <\/strong>nutzt. Aber nat\u00fcrlich hat auch <strong>das ganze Treppenhaus samt seiner gewellten Glasfront<\/strong> und die<strong> Dachterrasse <\/strong>zu meinen Highlights gez\u00e4hlt. Ich war ungef\u00e4hr zwei Stunden in Casa Batll\u00f3.&nbsp;<\/p>\n\n\n\n<figure class=\"wp-block-image size-large is-style-default\"><a href=\"https:\/\/i0.wp.com\/mytraveljournal-blog.com\/wp-content\/uploads\/2022\/08\/DSC01264-scaled.jpg?ssl=1\" target=\"_blank\" rel=\"noreferrer noopener\"><img data-recalc-dims=\"1\" decoding=\"async\" width=\"525\" height=\"350\" data-attachment-id=\"3834\" data-permalink=\"https:\/\/mytraveljournal-blog.com\/de\/visiting-gaudis-architecture\/dsc01264\/\" data-orig-file=\"https:\/\/i0.wp.com\/mytraveljournal-blog.com\/wp-content\/uploads\/2022\/08\/DSC01264-scaled.jpg?fit=2560%2C1707&amp;ssl=1\" data-orig-size=\"2560,1707\" data-comments-opened=\"1\" data-image-meta=\"{&quot;aperture&quot;:&quot;11&quot;,&quot;credit&quot;:&quot;&quot;,&quot;camera&quot;:&quot;ILCE-6000&quot;,&quot;caption&quot;:&quot;&quot;,&quot;created_timestamp&quot;:&quot;0&quot;,&quot;copyright&quot;:&quot;&quot;,&quot;focal_length&quot;:&quot;17&quot;,&quot;iso&quot;:&quot;100&quot;,&quot;shutter_speed&quot;:&quot;0.00625&quot;,&quot;title&quot;:&quot;&quot;,&quot;orientation&quot;:&quot;0&quot;}\" data-image-title=\"On the rooftop of Casa Battl\u00f3\" data-image-description=\"\" data-image-caption=\"\" data-large-file=\"https:\/\/i0.wp.com\/mytraveljournal-blog.com\/wp-content\/uploads\/2022\/08\/DSC01264-scaled.jpg?fit=525%2C350&amp;ssl=1\" data-src=\"https:\/\/i0.wp.com\/mytraveljournal-blog.com\/wp-content\/uploads\/2022\/08\/DSC01264.jpg?resize=525%2C350&#038;ssl=1\" alt=\"On the rooftop of Casa Battl\u00f3\" class=\"wp-image-3834 lazyload\" data-srcset=\"https:\/\/i0.wp.com\/mytraveljournal-blog.com\/wp-content\/uploads\/2022\/08\/DSC01264-scaled.jpg?resize=1024%2C683&amp;ssl=1 1024w, https:\/\/i0.wp.com\/mytraveljournal-blog.com\/wp-content\/uploads\/2022\/08\/DSC01264-scaled.jpg?resize=300%2C200&amp;ssl=1 300w, https:\/\/i0.wp.com\/mytraveljournal-blog.com\/wp-content\/uploads\/2022\/08\/DSC01264-scaled.jpg?resize=768%2C512&amp;ssl=1 768w, https:\/\/i0.wp.com\/mytraveljournal-blog.com\/wp-content\/uploads\/2022\/08\/DSC01264-scaled.jpg?resize=1536%2C1024&amp;ssl=1 1536w, https:\/\/i0.wp.com\/mytraveljournal-blog.com\/wp-content\/uploads\/2022\/08\/DSC01264-scaled.jpg?resize=2048%2C1366&amp;ssl=1 2048w, https:\/\/i0.wp.com\/mytraveljournal-blog.com\/wp-content\/uploads\/2022\/08\/DSC01264-scaled.jpg?resize=272%2C182&amp;ssl=1 272w\" data-sizes=\"(max-width: 767px) 89vw, (max-width: 1000px) 54vw, (max-width: 1071px) 543px, 580px\" src=\"data:image\/svg+xml;base64,PHN2ZyB3aWR0aD0iMSIgaGVpZ2h0PSIxIiB4bWxucz0iaHR0cDovL3d3dy53My5vcmcvMjAwMC9zdmciPjwvc3ZnPg==\" style=\"--smush-placeholder-width: 525px; --smush-placeholder-aspect-ratio: 525\/350;\" \/><\/a><figcaption>Auf der Dachterrasse des Casa Battl\u00f3<\/figcaption><\/figure>\n\n\n\n<h6 class=\"wp-block-heading\"><span class=\"ez-toc-section\" id=\"Lohnt_es_sich\"><\/span>Lohnt es sich?<span class=\"ez-toc-section-end\"><\/span><\/h6>\n\n\n\n<p>Dies ist wahrscheinlich der Besuch, bei dem ich <strong>am kritischsten <\/strong>sein muss. Ich habe Casa Battl\u00f3 kurz vor Ostern besucht, weshalb es auch <strong>sehr voll <\/strong>war. F\u00fcr meinen Geschmack waren es einfach zu viele Menschen auf einmal. Ich merkte schnell, dass ich zunehmend ersch\u00f6pft und genervt wegen des vielen Geschubses und den L\u00e4rm um mich herum wurde, weshalb ich den Besuch gar nicht richtig genie\u00dfen konnte. Ich war ehrlich gesagt ziemlich <strong>entt\u00e4uscht von der Organisation<\/strong> und dass die Mitarbeiter nicht darauf achteten, dass nicht zu viele Personen gleichzeitig Zutritt haben. Ich hatte das Gef\u00fchl, dass das Hauptziel nicht darin bestand, Gaud\u00eds unglaubliche Architektur und Kunst zu zeigen, sondern einfach so viele Menschen so schnell wie m\u00f6glich durchzuschleusen, um so viel Geld wie m\u00f6glich zu verdienen. Und das in Kombination mit au\u00dfergew\u00f6hnlich hohen Eintrittspreisen. Casa Battl\u00f3 war in jedem Fall interessant und ist nat\u00fcrlich sch\u00f6n anzusehen, aber ist ehrlicherweise <strong>viel zu teuer<\/strong>. <\/p>\n\n\n\n<p>Solltest du trotzdem gehen wollen, solltest du <strong>deinen Besuch f\u00fcr morgens einplanen<\/strong>, um die Anzahl der Menschen etwas zu reduzieren. Beachte jedoch, dass du daf\u00fcr <strong>weitere 10 Euro<\/strong> bezahlen musst. Das Ticket wird auch teurer, wenn du es erst an der Kasse vor Ort kaufst, weshalb du es <strong>unbedingt vorher kaufen<\/strong> solltest.<\/p>\n\n\n<div class=\"wp-block-image is-style-default\">\n<figure class=\"alignright size-thumbnail\"><a href=\"https:\/\/i0.wp.com\/mytraveljournal-blog.com\/wp-content\/uploads\/2022\/08\/DSC01199-scaled.jpg?ssl=1\" target=\"_blank\" rel=\"noreferrer noopener\"><img data-recalc-dims=\"1\" decoding=\"async\" width=\"150\" height=\"150\" data-attachment-id=\"3833\" data-permalink=\"https:\/\/mytraveljournal-blog.com\/de\/visiting-gaudis-architecture\/dsc01199\/\" data-orig-file=\"https:\/\/i0.wp.com\/mytraveljournal-blog.com\/wp-content\/uploads\/2022\/08\/DSC01199-scaled.jpg?fit=1706%2C2560&amp;ssl=1\" data-orig-size=\"1706,2560\" data-comments-opened=\"1\" data-image-meta=\"{&quot;aperture&quot;:&quot;3.5&quot;,&quot;credit&quot;:&quot;&quot;,&quot;camera&quot;:&quot;ILCE-6000&quot;,&quot;caption&quot;:&quot;&quot;,&quot;created_timestamp&quot;:&quot;0&quot;,&quot;copyright&quot;:&quot;&quot;,&quot;focal_length&quot;:&quot;16&quot;,&quot;iso&quot;:&quot;6400&quot;,&quot;shutter_speed&quot;:&quot;0.05&quot;,&quot;title&quot;:&quot;&quot;,&quot;orientation&quot;:&quot;0&quot;}\" data-image-title=\"Inside of Gaud\u00eds Dome in Casa Battl\u00f3\" data-image-description=\"\" data-image-caption=\"\" data-large-file=\"https:\/\/i0.wp.com\/mytraveljournal-blog.com\/wp-content\/uploads\/2022\/08\/DSC01199-scaled.jpg?fit=525%2C787&amp;ssl=1\" data-src=\"https:\/\/i0.wp.com\/mytraveljournal-blog.com\/wp-content\/uploads\/2022\/08\/DSC01199.jpg?resize=150%2C150&#038;ssl=1\" alt=\"Inside of Gaud\u00eds Dome in Casa Battl\u00f3\" class=\"wp-image-3833 lazyload\" data-srcset=\"https:\/\/i0.wp.com\/mytraveljournal-blog.com\/wp-content\/uploads\/2022\/08\/DSC01199-scaled.jpg?resize=150%2C150&amp;ssl=1 150w, https:\/\/i0.wp.com\/mytraveljournal-blog.com\/wp-content\/uploads\/2022\/08\/DSC01199-scaled.jpg?resize=100%2C100&amp;ssl=1 100w, https:\/\/i0.wp.com\/mytraveljournal-blog.com\/wp-content\/uploads\/2022\/08\/DSC01199-scaled.jpg?zoom=2&amp;resize=150%2C150&amp;ssl=1 300w, https:\/\/i0.wp.com\/mytraveljournal-blog.com\/wp-content\/uploads\/2022\/08\/DSC01199-scaled.jpg?zoom=3&amp;resize=150%2C150&amp;ssl=1 450w\" data-sizes=\"(max-width: 150px) 100vw, 150px\" src=\"data:image\/svg+xml;base64,PHN2ZyB3aWR0aD0iMSIgaGVpZ2h0PSIxIiB4bWxucz0iaHR0cDovL3d3dy53My5vcmcvMjAwMC9zdmciPjwvc3ZnPg==\" style=\"--smush-placeholder-width: 150px; --smush-placeholder-aspect-ratio: 150\/150;\" \/><\/a><figcaption>Im Gaud\u00ed Dome<\/figcaption><\/figure>\n<\/div>\n\n\n<p>Es gibt<strong> drei verschiedene Ticketarten<\/strong>: das blaue, das silberne und das goldene Ticket. Ich hatte mich f\u00fcr das goldene Ticket entschieden, weil ich nichts verpassen wollte. Aber ehrlich gesagt habe ich den Besuch letztendlich nur <strong>absolut \u00fcberbezahlt<\/strong>. Meiner Meinung nach ist der <strong>Gaud\u00ed Dome<\/strong>, der nur im silbernen und goldenen Ticket enthalten ist, zwar sch\u00f6n, aber das zus\u00e4tzliche Geld, das du zahlen musst, nicht wert. Dasselbe gilt f\u00fcr das <strong>Tablet<\/strong>, welches man als Guide f\u00fcr die teureren Tickets erh\u00e4lt. Der normale Audioguide ist mehr als ausreichend. Der <strong>urspr\u00fcngliche Concierge-Raum <\/strong>ist auch vom normalen Eingang aus sichtbar, du durchquerst den Eingangsbereich nur schneller, aber auch das rechtfertigt in meinen Augen nicht die zus\u00e4tzlichen Kosten. Alles in allem h\u00e4ngt es sicher von deinem Geldbeutel und Interesse ab. Wenn du Casa Battl\u00f3 schon immer besuchen wolltest, tu es. Wenn du aber ein begrenztes Budget hast oder einfach nicht so viel Geld ausgeben m\u00f6chtest, solltest du es <strong>\u00fcberspringen<\/strong>, <strong>da es das teuerste ist<\/strong>.<\/p>\n\n\n\n<div class=\"wp-block-jetpack-tiled-gallery aligncenter is-style-rectangular\"><div class=\"tiled-gallery__gallery\"><div class=\"tiled-gallery__row\"><div class=\"tiled-gallery__col\" style=\"flex-basis:42.56893%\"><figure class=\"tiled-gallery__item\"><img decoding=\"async\" data-attachment-id=\"3841\" data-permalink=\"https:\/\/mytraveljournal-blog.com\/de\/visiting-gaudis-architecture\/dsc01215\/\" data-orig-file=\"https:\/\/i0.wp.com\/mytraveljournal-blog.com\/wp-content\/uploads\/2022\/08\/DSC01215-scaled.jpg?fit=2560%2C1707&amp;ssl=1\" data-orig-size=\"2560,1707\" data-comments-opened=\"1\" data-image-meta=\"{&quot;aperture&quot;:&quot;3.5&quot;,&quot;credit&quot;:&quot;&quot;,&quot;camera&quot;:&quot;ILCE-6000&quot;,&quot;caption&quot;:&quot;&quot;,&quot;created_timestamp&quot;:&quot;0&quot;,&quot;copyright&quot;:&quot;&quot;,&quot;focal_length&quot;:&quot;16&quot;,&quot;iso&quot;:&quot;2500&quot;,&quot;shutter_speed&quot;:&quot;0.00625&quot;,&quot;title&quot;:&quot;&quot;,&quot;orientation&quot;:&quot;0&quot;}\" data-image-title=\"A chandelier in Casa Battl\u00f3\" data-image-description=\"\" data-image-caption=\"&lt;p&gt;A chandelier in Casa Battl\u00f3&lt;\/p&gt;\n\" data-large-file=\"https:\/\/i0.wp.com\/mytraveljournal-blog.com\/wp-content\/uploads\/2022\/08\/DSC01215-scaled.jpg?fit=525%2C350&amp;ssl=1\" data-attachment-id=\"3841\" data-permalink=\"https:\/\/mytraveljournal-blog.com\/de\/visiting-gaudis-architecture\/dsc01215\/\" data-orig-file=\"https:\/\/i0.wp.com\/mytraveljournal-blog.com\/wp-content\/uploads\/2022\/08\/DSC01215-scaled.jpg?fit=2560%2C1707&amp;ssl=1\" data-orig-size=\"2560,1707\" data-comments-opened=\"1\" data-image-meta=\"{&quot;aperture&quot;:&quot;3.5&quot;,&quot;credit&quot;:&quot;&quot;,&quot;camera&quot;:&quot;ILCE-6000&quot;,&quot;caption&quot;:&quot;&quot;,&quot;created_timestamp&quot;:&quot;0&quot;,&quot;copyright&quot;:&quot;&quot;,&quot;focal_length&quot;:&quot;16&quot;,&quot;iso&quot;:&quot;2500&quot;,&quot;shutter_speed&quot;:&quot;0.00625&quot;,&quot;title&quot;:&quot;&quot;,&quot;orientation&quot;:&quot;0&quot;}\" data-image-title=\"A chandelier in Casa Battl\u00f3\" data-image-description=\"\" data-image-caption=\"&lt;p&gt;A chandelier in Casa Battl\u00f3&lt;\/p&gt;\n\" data-large-file=\"https:\/\/i0.wp.com\/mytraveljournal-blog.com\/wp-content\/uploads\/2022\/08\/DSC01215-scaled.jpg?fit=525%2C350&amp;ssl=1\" role=\"button\" tabindex=\"0\" aria-label=\"Bild\u00a01 von 9 im Vollbildmodus \u00f6ffnen\"data-srcset=\"https:\/\/i2.wp.com\/mytraveljournal-blog.com\/wp-content\/uploads\/2022\/08\/DSC01215-1024x683.jpg?strip=info&#038;w=600&#038;ssl=1 600w,https:\/\/i2.wp.com\/mytraveljournal-blog.com\/wp-content\/uploads\/2022\/08\/DSC01215-1024x683.jpg?strip=info&#038;w=900&#038;ssl=1 900w,https:\/\/i2.wp.com\/mytraveljournal-blog.com\/wp-content\/uploads\/2022\/08\/DSC01215-1024x683.jpg?strip=info&#038;w=1200&#038;ssl=1 1200w,https:\/\/i2.wp.com\/mytraveljournal-blog.com\/wp-content\/uploads\/2022\/08\/DSC01215-1024x683.jpg?strip=info&#038;w=1500&#038;ssl=1 1500w,https:\/\/i2.wp.com\/mytraveljournal-blog.com\/wp-content\/uploads\/2022\/08\/DSC01215-1024x683.jpg?strip=info&#038;w=1800&#038;ssl=1 1800w,https:\/\/i2.wp.com\/mytraveljournal-blog.com\/wp-content\/uploads\/2022\/08\/DSC01215-1024x683.jpg?strip=info&#038;w=2000&#038;ssl=1 2000w\" alt=\"A chandelier in Casa Battl\u00f3\" data-height=\"1707\" data-id=\"3841\" data-link=\"https:\/\/mytraveljournal-blog.com\/?attachment_id=3841\" data-url=\"https:\/\/mytraveljournal-blog.com\/wp-content\/uploads\/2022\/08\/DSC01215-1024x683.jpg\" data-width=\"2560\" data-src=\"https:\/\/i2.wp.com\/mytraveljournal-blog.com\/wp-content\/uploads\/2022\/08\/DSC01215-1024x683.jpg?ssl=1\" data-amp-layout=\"responsive\" src=\"data:image\/svg+xml;base64,PHN2ZyB3aWR0aD0iMSIgaGVpZ2h0PSIxIiB4bWxucz0iaHR0cDovL3d3dy53My5vcmcvMjAwMC9zdmciPjwvc3ZnPg==\" class=\"lazyload\" style=\"--smush-placeholder-width: 1024px; --smush-placeholder-aspect-ratio: 1024\/683;\" \/><\/figure><figure class=\"tiled-gallery__item\"><img decoding=\"async\" data-attachment-id=\"3843\" data-permalink=\"https:\/\/mytraveljournal-blog.com\/de\/visiting-gaudis-architecture\/dsc01238\/\" data-orig-file=\"https:\/\/i0.wp.com\/mytraveljournal-blog.com\/wp-content\/uploads\/2022\/08\/DSC01238-scaled.jpg?fit=2560%2C1707&amp;ssl=1\" data-orig-size=\"2560,1707\" data-comments-opened=\"1\" data-image-meta=\"{&quot;aperture&quot;:&quot;4&quot;,&quot;credit&quot;:&quot;&quot;,&quot;camera&quot;:&quot;ILCE-6000&quot;,&quot;caption&quot;:&quot;&quot;,&quot;created_timestamp&quot;:&quot;0&quot;,&quot;copyright&quot;:&quot;&quot;,&quot;focal_length&quot;:&quot;16&quot;,&quot;iso&quot;:&quot;100&quot;,&quot;shutter_speed&quot;:&quot;0.00625&quot;,&quot;title&quot;:&quot;&quot;,&quot;orientation&quot;:&quot;0&quot;}\" data-image-title=\"On the terrace of Casa Battl\u00f3\" data-image-description=\"\" data-image-caption=\"&lt;p&gt;On the terrace of Casa Battl\u00f3&lt;\/p&gt;\n\" data-large-file=\"https:\/\/i0.wp.com\/mytraveljournal-blog.com\/wp-content\/uploads\/2022\/08\/DSC01238-scaled.jpg?fit=525%2C350&amp;ssl=1\" data-attachment-id=\"3843\" data-permalink=\"https:\/\/mytraveljournal-blog.com\/de\/visiting-gaudis-architecture\/dsc01238\/\" data-orig-file=\"https:\/\/i0.wp.com\/mytraveljournal-blog.com\/wp-content\/uploads\/2022\/08\/DSC01238-scaled.jpg?fit=2560%2C1707&amp;ssl=1\" data-orig-size=\"2560,1707\" data-comments-opened=\"1\" data-image-meta=\"{&quot;aperture&quot;:&quot;4&quot;,&quot;credit&quot;:&quot;&quot;,&quot;camera&quot;:&quot;ILCE-6000&quot;,&quot;caption&quot;:&quot;&quot;,&quot;created_timestamp&quot;:&quot;0&quot;,&quot;copyright&quot;:&quot;&quot;,&quot;focal_length&quot;:&quot;16&quot;,&quot;iso&quot;:&quot;100&quot;,&quot;shutter_speed&quot;:&quot;0.00625&quot;,&quot;title&quot;:&quot;&quot;,&quot;orientation&quot;:&quot;0&quot;}\" data-image-title=\"On the terrace of Casa Battl\u00f3\" data-image-description=\"\" data-image-caption=\"&lt;p&gt;On the terrace of Casa Battl\u00f3&lt;\/p&gt;\n\" data-large-file=\"https:\/\/i0.wp.com\/mytraveljournal-blog.com\/wp-content\/uploads\/2022\/08\/DSC01238-scaled.jpg?fit=525%2C350&amp;ssl=1\" role=\"button\" tabindex=\"0\" aria-label=\"Bild\u00a02 von 9 im Vollbildmodus \u00f6ffnen\"data-srcset=\"https:\/\/i2.wp.com\/mytraveljournal-blog.com\/wp-content\/uploads\/2022\/08\/DSC01238-1024x683.jpg?strip=info&#038;w=600&#038;ssl=1 600w,https:\/\/i2.wp.com\/mytraveljournal-blog.com\/wp-content\/uploads\/2022\/08\/DSC01238-1024x683.jpg?strip=info&#038;w=900&#038;ssl=1 900w,https:\/\/i2.wp.com\/mytraveljournal-blog.com\/wp-content\/uploads\/2022\/08\/DSC01238-1024x683.jpg?strip=info&#038;w=1200&#038;ssl=1 1200w,https:\/\/i2.wp.com\/mytraveljournal-blog.com\/wp-content\/uploads\/2022\/08\/DSC01238-1024x683.jpg?strip=info&#038;w=1500&#038;ssl=1 1500w,https:\/\/i2.wp.com\/mytraveljournal-blog.com\/wp-content\/uploads\/2022\/08\/DSC01238-1024x683.jpg?strip=info&#038;w=1800&#038;ssl=1 1800w,https:\/\/i2.wp.com\/mytraveljournal-blog.com\/wp-content\/uploads\/2022\/08\/DSC01238-1024x683.jpg?strip=info&#038;w=2000&#038;ssl=1 2000w\" alt=\"On the terrace of Casa Battl\u00f3\" data-height=\"1707\" data-id=\"3843\" data-link=\"https:\/\/mytraveljournal-blog.com\/?attachment_id=3843\" data-url=\"https:\/\/mytraveljournal-blog.com\/wp-content\/uploads\/2022\/08\/DSC01238-1024x683.jpg\" data-width=\"2560\" data-src=\"https:\/\/i2.wp.com\/mytraveljournal-blog.com\/wp-content\/uploads\/2022\/08\/DSC01238-1024x683.jpg?ssl=1\" data-amp-layout=\"responsive\" src=\"data:image\/svg+xml;base64,PHN2ZyB3aWR0aD0iMSIgaGVpZ2h0PSIxIiB4bWxucz0iaHR0cDovL3d3dy53My5vcmcvMjAwMC9zdmciPjwvc3ZnPg==\" class=\"lazyload\" style=\"--smush-placeholder-width: 1024px; --smush-placeholder-aspect-ratio: 1024\/683;\" \/><\/figure><figure class=\"tiled-gallery__item\"><img decoding=\"async\" data-attachment-id=\"3839\" data-permalink=\"https:\/\/mytraveljournal-blog.com\/de\/visiting-gaudis-architecture\/dsc01226\/\" data-orig-file=\"https:\/\/i0.wp.com\/mytraveljournal-blog.com\/wp-content\/uploads\/2022\/08\/DSC01226-scaled.jpg?fit=2560%2C1707&amp;ssl=1\" data-orig-size=\"2560,1707\" data-comments-opened=\"1\" data-image-meta=\"{&quot;aperture&quot;:&quot;4&quot;,&quot;credit&quot;:&quot;&quot;,&quot;camera&quot;:&quot;ILCE-6000&quot;,&quot;caption&quot;:&quot;&quot;,&quot;created_timestamp&quot;:&quot;0&quot;,&quot;copyright&quot;:&quot;&quot;,&quot;focal_length&quot;:&quot;16&quot;,&quot;iso&quot;:&quot;200&quot;,&quot;shutter_speed&quot;:&quot;0.0166666666667&quot;,&quot;title&quot;:&quot;&quot;,&quot;orientation&quot;:&quot;0&quot;}\" data-image-title=\"A chandelier in Casa Battl\u00f3\" data-image-description=\"\" data-image-caption=\"&lt;p&gt;A chandelier in Casa Battl\u00f3&lt;\/p&gt;\n\" data-large-file=\"https:\/\/i0.wp.com\/mytraveljournal-blog.com\/wp-content\/uploads\/2022\/08\/DSC01226-scaled.jpg?fit=525%2C350&amp;ssl=1\" data-attachment-id=\"3839\" data-permalink=\"https:\/\/mytraveljournal-blog.com\/de\/visiting-gaudis-architecture\/dsc01226\/\" data-orig-file=\"https:\/\/i0.wp.com\/mytraveljournal-blog.com\/wp-content\/uploads\/2022\/08\/DSC01226-scaled.jpg?fit=2560%2C1707&amp;ssl=1\" data-orig-size=\"2560,1707\" data-comments-opened=\"1\" data-image-meta=\"{&quot;aperture&quot;:&quot;4&quot;,&quot;credit&quot;:&quot;&quot;,&quot;camera&quot;:&quot;ILCE-6000&quot;,&quot;caption&quot;:&quot;&quot;,&quot;created_timestamp&quot;:&quot;0&quot;,&quot;copyright&quot;:&quot;&quot;,&quot;focal_length&quot;:&quot;16&quot;,&quot;iso&quot;:&quot;200&quot;,&quot;shutter_speed&quot;:&quot;0.0166666666667&quot;,&quot;title&quot;:&quot;&quot;,&quot;orientation&quot;:&quot;0&quot;}\" data-image-title=\"A chandelier in Casa Battl\u00f3\" data-image-description=\"\" data-image-caption=\"&lt;p&gt;A chandelier in Casa Battl\u00f3&lt;\/p&gt;\n\" data-large-file=\"https:\/\/i0.wp.com\/mytraveljournal-blog.com\/wp-content\/uploads\/2022\/08\/DSC01226-scaled.jpg?fit=525%2C350&amp;ssl=1\" role=\"button\" tabindex=\"0\" aria-label=\"Bild\u00a03 von 9 im Vollbildmodus \u00f6ffnen\"data-srcset=\"https:\/\/i1.wp.com\/mytraveljournal-blog.com\/wp-content\/uploads\/2022\/08\/DSC01226-1024x683.jpg?strip=info&#038;w=600&#038;ssl=1 600w,https:\/\/i1.wp.com\/mytraveljournal-blog.com\/wp-content\/uploads\/2022\/08\/DSC01226-1024x683.jpg?strip=info&#038;w=900&#038;ssl=1 900w,https:\/\/i1.wp.com\/mytraveljournal-blog.com\/wp-content\/uploads\/2022\/08\/DSC01226-1024x683.jpg?strip=info&#038;w=1200&#038;ssl=1 1200w,https:\/\/i1.wp.com\/mytraveljournal-blog.com\/wp-content\/uploads\/2022\/08\/DSC01226-1024x683.jpg?strip=info&#038;w=1500&#038;ssl=1 1500w,https:\/\/i1.wp.com\/mytraveljournal-blog.com\/wp-content\/uploads\/2022\/08\/DSC01226-1024x683.jpg?strip=info&#038;w=1800&#038;ssl=1 1800w,https:\/\/i1.wp.com\/mytraveljournal-blog.com\/wp-content\/uploads\/2022\/08\/DSC01226-1024x683.jpg?strip=info&#038;w=2000&#038;ssl=1 2000w\" alt=\"A chandelier in Casa Battl\u00f3\" data-height=\"1707\" data-id=\"3839\" data-link=\"https:\/\/mytraveljournal-blog.com\/?attachment_id=3839\" data-url=\"https:\/\/mytraveljournal-blog.com\/wp-content\/uploads\/2022\/08\/DSC01226-1024x683.jpg\" data-width=\"2560\" data-src=\"https:\/\/i1.wp.com\/mytraveljournal-blog.com\/wp-content\/uploads\/2022\/08\/DSC01226-1024x683.jpg?ssl=1\" data-amp-layout=\"responsive\" src=\"data:image\/svg+xml;base64,PHN2ZyB3aWR0aD0iMSIgaGVpZ2h0PSIxIiB4bWxucz0iaHR0cDovL3d3dy53My5vcmcvMjAwMC9zdmciPjwvc3ZnPg==\" class=\"lazyload\" style=\"--smush-placeholder-width: 1024px; --smush-placeholder-aspect-ratio: 1024\/683;\" \/><\/figure><\/div><div class=\"tiled-gallery__col\" style=\"flex-basis:57.43107%\"><figure class=\"tiled-gallery__item\"><img decoding=\"async\" data-attachment-id=\"3842\" data-permalink=\"https:\/\/mytraveljournal-blog.com\/de\/visiting-gaudis-architecture\/dsc01650\/\" data-orig-file=\"https:\/\/i0.wp.com\/mytraveljournal-blog.com\/wp-content\/uploads\/2022\/08\/DSC01650-scaled.jpg?fit=1707%2C2560&amp;ssl=1\" data-orig-size=\"1707,2560\" data-comments-opened=\"1\" data-image-meta=\"{&quot;aperture&quot;:&quot;4&quot;,&quot;credit&quot;:&quot;&quot;,&quot;camera&quot;:&quot;ILCE-6000&quot;,&quot;caption&quot;:&quot;&quot;,&quot;created_timestamp&quot;:&quot;0&quot;,&quot;copyright&quot;:&quot;&quot;,&quot;focal_length&quot;:&quot;23&quot;,&quot;iso&quot;:&quot;2500&quot;,&quot;shutter_speed&quot;:&quot;0.00625&quot;,&quot;title&quot;:&quot;&quot;,&quot;orientation&quot;:&quot;0&quot;}\" data-image-title=\"Casa Battl\u00f3 at night\" data-image-description=\"\" data-image-caption=\"&lt;p&gt;Casa Battl\u00f3 at night&lt;\/p&gt;\n\" data-large-file=\"https:\/\/i0.wp.com\/mytraveljournal-blog.com\/wp-content\/uploads\/2022\/08\/DSC01650-scaled.jpg?fit=525%2C787&amp;ssl=1\" data-attachment-id=\"3842\" data-permalink=\"https:\/\/mytraveljournal-blog.com\/de\/visiting-gaudis-architecture\/dsc01650\/\" data-orig-file=\"https:\/\/i0.wp.com\/mytraveljournal-blog.com\/wp-content\/uploads\/2022\/08\/DSC01650-scaled.jpg?fit=1707%2C2560&amp;ssl=1\" data-orig-size=\"1707,2560\" data-comments-opened=\"1\" data-image-meta=\"{&quot;aperture&quot;:&quot;4&quot;,&quot;credit&quot;:&quot;&quot;,&quot;camera&quot;:&quot;ILCE-6000&quot;,&quot;caption&quot;:&quot;&quot;,&quot;created_timestamp&quot;:&quot;0&quot;,&quot;copyright&quot;:&quot;&quot;,&quot;focal_length&quot;:&quot;23&quot;,&quot;iso&quot;:&quot;2500&quot;,&quot;shutter_speed&quot;:&quot;0.00625&quot;,&quot;title&quot;:&quot;&quot;,&quot;orientation&quot;:&quot;0&quot;}\" data-image-title=\"Casa Battl\u00f3 at night\" data-image-description=\"\" data-image-caption=\"&lt;p&gt;Casa Battl\u00f3 at night&lt;\/p&gt;\n\" data-large-file=\"https:\/\/i0.wp.com\/mytraveljournal-blog.com\/wp-content\/uploads\/2022\/08\/DSC01650-scaled.jpg?fit=525%2C787&amp;ssl=1\" role=\"button\" tabindex=\"0\" aria-label=\"Bild\u00a04 von 9 im Vollbildmodus \u00f6ffnen\"data-srcset=\"https:\/\/i1.wp.com\/mytraveljournal-blog.com\/wp-content\/uploads\/2022\/08\/DSC01650-683x1024.jpg?strip=info&#038;w=600&#038;ssl=1 600w,https:\/\/i1.wp.com\/mytraveljournal-blog.com\/wp-content\/uploads\/2022\/08\/DSC01650-683x1024.jpg?strip=info&#038;w=900&#038;ssl=1 900w,https:\/\/i1.wp.com\/mytraveljournal-blog.com\/wp-content\/uploads\/2022\/08\/DSC01650-683x1024.jpg?strip=info&#038;w=1200&#038;ssl=1 1200w,https:\/\/i1.wp.com\/mytraveljournal-blog.com\/wp-content\/uploads\/2022\/08\/DSC01650-683x1024.jpg?strip=info&#038;w=1500&#038;ssl=1 1500w,https:\/\/i1.wp.com\/mytraveljournal-blog.com\/wp-content\/uploads\/2022\/08\/DSC01650-683x1024.jpg?strip=info&#038;w=1707&#038;ssl=1 1707w\" alt=\"Casa Battl\u00f3 at night\" data-height=\"2560\" data-id=\"3842\" data-link=\"https:\/\/mytraveljournal-blog.com\/?attachment_id=3842\" data-url=\"https:\/\/mytraveljournal-blog.com\/wp-content\/uploads\/2022\/08\/DSC01650-683x1024.jpg\" data-width=\"1707\" data-src=\"https:\/\/i1.wp.com\/mytraveljournal-blog.com\/wp-content\/uploads\/2022\/08\/DSC01650-683x1024.jpg?ssl=1\" data-amp-layout=\"responsive\" src=\"data:image\/svg+xml;base64,PHN2ZyB3aWR0aD0iMSIgaGVpZ2h0PSIxIiB4bWxucz0iaHR0cDovL3d3dy53My5vcmcvMjAwMC9zdmciPjwvc3ZnPg==\" class=\"lazyload\" style=\"--smush-placeholder-width: 683px; --smush-placeholder-aspect-ratio: 683\/1024;\" \/><\/figure><\/div><\/div><div class=\"tiled-gallery__row\"><div class=\"tiled-gallery__col\" style=\"flex-basis:33.33982%\"><figure class=\"tiled-gallery__item\"><img decoding=\"async\" data-attachment-id=\"3838\" data-permalink=\"https:\/\/mytraveljournal-blog.com\/de\/visiting-gaudis-architecture\/dsc01229\/\" data-orig-file=\"https:\/\/i0.wp.com\/mytraveljournal-blog.com\/wp-content\/uploads\/2022\/08\/DSC01229-scaled.jpg?fit=1707%2C2560&amp;ssl=1\" data-orig-size=\"1707,2560\" data-comments-opened=\"1\" data-image-meta=\"{&quot;aperture&quot;:&quot;4&quot;,&quot;credit&quot;:&quot;&quot;,&quot;camera&quot;:&quot;ILCE-6000&quot;,&quot;caption&quot;:&quot;&quot;,&quot;created_timestamp&quot;:&quot;0&quot;,&quot;copyright&quot;:&quot;&quot;,&quot;focal_length&quot;:&quot;16&quot;,&quot;iso&quot;:&quot;1250&quot;,&quot;shutter_speed&quot;:&quot;0.00625&quot;,&quot;title&quot;:&quot;&quot;,&quot;orientation&quot;:&quot;0&quot;}\" data-image-title=\"The staircase of Casa Battl\u00f3\" data-image-description=\"\" data-image-caption=\"&lt;p&gt;The staircase of Casa Battl\u00f3&lt;\/p&gt;\n\" data-large-file=\"https:\/\/i0.wp.com\/mytraveljournal-blog.com\/wp-content\/uploads\/2022\/08\/DSC01229-scaled.jpg?fit=525%2C787&amp;ssl=1\" data-attachment-id=\"3838\" data-permalink=\"https:\/\/mytraveljournal-blog.com\/de\/visiting-gaudis-architecture\/dsc01229\/\" data-orig-file=\"https:\/\/i0.wp.com\/mytraveljournal-blog.com\/wp-content\/uploads\/2022\/08\/DSC01229-scaled.jpg?fit=1707%2C2560&amp;ssl=1\" data-orig-size=\"1707,2560\" data-comments-opened=\"1\" data-image-meta=\"{&quot;aperture&quot;:&quot;4&quot;,&quot;credit&quot;:&quot;&quot;,&quot;camera&quot;:&quot;ILCE-6000&quot;,&quot;caption&quot;:&quot;&quot;,&quot;created_timestamp&quot;:&quot;0&quot;,&quot;copyright&quot;:&quot;&quot;,&quot;focal_length&quot;:&quot;16&quot;,&quot;iso&quot;:&quot;1250&quot;,&quot;shutter_speed&quot;:&quot;0.00625&quot;,&quot;title&quot;:&quot;&quot;,&quot;orientation&quot;:&quot;0&quot;}\" data-image-title=\"The staircase of Casa Battl\u00f3\" data-image-description=\"\" data-image-caption=\"&lt;p&gt;The staircase of Casa Battl\u00f3&lt;\/p&gt;\n\" data-large-file=\"https:\/\/i0.wp.com\/mytraveljournal-blog.com\/wp-content\/uploads\/2022\/08\/DSC01229-scaled.jpg?fit=525%2C787&amp;ssl=1\" role=\"button\" tabindex=\"0\" aria-label=\"Bild\u00a05 von 9 im Vollbildmodus \u00f6ffnen\"data-srcset=\"https:\/\/i1.wp.com\/mytraveljournal-blog.com\/wp-content\/uploads\/2022\/08\/DSC01229-683x1024.jpg?strip=info&#038;w=600&#038;ssl=1 600w,https:\/\/i1.wp.com\/mytraveljournal-blog.com\/wp-content\/uploads\/2022\/08\/DSC01229-683x1024.jpg?strip=info&#038;w=900&#038;ssl=1 900w,https:\/\/i1.wp.com\/mytraveljournal-blog.com\/wp-content\/uploads\/2022\/08\/DSC01229-683x1024.jpg?strip=info&#038;w=1200&#038;ssl=1 1200w,https:\/\/i1.wp.com\/mytraveljournal-blog.com\/wp-content\/uploads\/2022\/08\/DSC01229-683x1024.jpg?strip=info&#038;w=1500&#038;ssl=1 1500w,https:\/\/i1.wp.com\/mytraveljournal-blog.com\/wp-content\/uploads\/2022\/08\/DSC01229-683x1024.jpg?strip=info&#038;w=1707&#038;ssl=1 1707w\" alt=\"The staircase of Casa Battl\u00f3\" data-height=\"2560\" data-id=\"3838\" data-link=\"https:\/\/mytraveljournal-blog.com\/?attachment_id=3838\" data-url=\"https:\/\/mytraveljournal-blog.com\/wp-content\/uploads\/2022\/08\/DSC01229-683x1024.jpg\" data-width=\"1707\" data-src=\"https:\/\/i1.wp.com\/mytraveljournal-blog.com\/wp-content\/uploads\/2022\/08\/DSC01229-683x1024.jpg?ssl=1\" data-amp-layout=\"responsive\" src=\"data:image\/svg+xml;base64,PHN2ZyB3aWR0aD0iMSIgaGVpZ2h0PSIxIiB4bWxucz0iaHR0cDovL3d3dy53My5vcmcvMjAwMC9zdmciPjwvc3ZnPg==\" class=\"lazyload\" style=\"--smush-placeholder-width: 683px; --smush-placeholder-aspect-ratio: 683\/1024;\" \/><\/figure><\/div><div class=\"tiled-gallery__col\" style=\"flex-basis:33.32035%\"><figure class=\"tiled-gallery__item\"><img decoding=\"async\" data-attachment-id=\"3840\" data-permalink=\"https:\/\/mytraveljournal-blog.com\/de\/visiting-gaudis-architecture\/dsc01648\/\" data-orig-file=\"https:\/\/i0.wp.com\/mytraveljournal-blog.com\/wp-content\/uploads\/2022\/08\/DSC01648-scaled.jpg?fit=1706%2C2560&amp;ssl=1\" data-orig-size=\"1706,2560\" data-comments-opened=\"1\" data-image-meta=\"{&quot;aperture&quot;:&quot;5.6&quot;,&quot;credit&quot;:&quot;&quot;,&quot;camera&quot;:&quot;ILCE-6000&quot;,&quot;caption&quot;:&quot;&quot;,&quot;created_timestamp&quot;:&quot;0&quot;,&quot;copyright&quot;:&quot;&quot;,&quot;focal_length&quot;:&quot;50&quot;,&quot;iso&quot;:&quot;3200&quot;,&quot;shutter_speed&quot;:&quot;0.02&quot;,&quot;title&quot;:&quot;&quot;,&quot;orientation&quot;:&quot;0&quot;}\" data-image-title=\"Casa Battl\u00f3 at night\" data-image-description=\"\" data-image-caption=\"&lt;p&gt;Casa Battl\u00f3 at night&lt;\/p&gt;\n\" data-large-file=\"https:\/\/i0.wp.com\/mytraveljournal-blog.com\/wp-content\/uploads\/2022\/08\/DSC01648-scaled.jpg?fit=525%2C788&amp;ssl=1\" data-attachment-id=\"3840\" data-permalink=\"https:\/\/mytraveljournal-blog.com\/de\/visiting-gaudis-architecture\/dsc01648\/\" data-orig-file=\"https:\/\/i0.wp.com\/mytraveljournal-blog.com\/wp-content\/uploads\/2022\/08\/DSC01648-scaled.jpg?fit=1706%2C2560&amp;ssl=1\" data-orig-size=\"1706,2560\" data-comments-opened=\"1\" data-image-meta=\"{&quot;aperture&quot;:&quot;5.6&quot;,&quot;credit&quot;:&quot;&quot;,&quot;camera&quot;:&quot;ILCE-6000&quot;,&quot;caption&quot;:&quot;&quot;,&quot;created_timestamp&quot;:&quot;0&quot;,&quot;copyright&quot;:&quot;&quot;,&quot;focal_length&quot;:&quot;50&quot;,&quot;iso&quot;:&quot;3200&quot;,&quot;shutter_speed&quot;:&quot;0.02&quot;,&quot;title&quot;:&quot;&quot;,&quot;orientation&quot;:&quot;0&quot;}\" data-image-title=\"Casa Battl\u00f3 at night\" data-image-description=\"\" data-image-caption=\"&lt;p&gt;Casa Battl\u00f3 at night&lt;\/p&gt;\n\" data-large-file=\"https:\/\/i0.wp.com\/mytraveljournal-blog.com\/wp-content\/uploads\/2022\/08\/DSC01648-scaled.jpg?fit=525%2C788&amp;ssl=1\" role=\"button\" tabindex=\"0\" aria-label=\"Bild\u00a06 von 9 im Vollbildmodus \u00f6ffnen\"data-srcset=\"https:\/\/i0.wp.com\/mytraveljournal-blog.com\/wp-content\/uploads\/2022\/08\/DSC01648-682x1024.jpg?strip=info&#038;w=600&#038;ssl=1 600w,https:\/\/i0.wp.com\/mytraveljournal-blog.com\/wp-content\/uploads\/2022\/08\/DSC01648-682x1024.jpg?strip=info&#038;w=900&#038;ssl=1 900w,https:\/\/i0.wp.com\/mytraveljournal-blog.com\/wp-content\/uploads\/2022\/08\/DSC01648-682x1024.jpg?strip=info&#038;w=1200&#038;ssl=1 1200w,https:\/\/i0.wp.com\/mytraveljournal-blog.com\/wp-content\/uploads\/2022\/08\/DSC01648-682x1024.jpg?strip=info&#038;w=1500&#038;ssl=1 1500w,https:\/\/i0.wp.com\/mytraveljournal-blog.com\/wp-content\/uploads\/2022\/08\/DSC01648-682x1024.jpg?strip=info&#038;w=1706&#038;ssl=1 1706w\" alt=\"Casa Battl\u00f3 at night\" data-height=\"2560\" data-id=\"3840\" data-link=\"https:\/\/mytraveljournal-blog.com\/?attachment_id=3840\" data-url=\"https:\/\/mytraveljournal-blog.com\/wp-content\/uploads\/2022\/08\/DSC01648-682x1024.jpg\" data-width=\"1706\" data-src=\"https:\/\/i0.wp.com\/mytraveljournal-blog.com\/wp-content\/uploads\/2022\/08\/DSC01648-682x1024.jpg?ssl=1\" data-amp-layout=\"responsive\" src=\"data:image\/svg+xml;base64,PHN2ZyB3aWR0aD0iMSIgaGVpZ2h0PSIxIiB4bWxucz0iaHR0cDovL3d3dy53My5vcmcvMjAwMC9zdmciPjwvc3ZnPg==\" class=\"lazyload\" style=\"--smush-placeholder-width: 682px; --smush-placeholder-aspect-ratio: 682\/1024;\" \/><\/figure><\/div><div class=\"tiled-gallery__col\" style=\"flex-basis:33.33982%\"><figure class=\"tiled-gallery__item\"><img decoding=\"async\" data-attachment-id=\"3836\" data-permalink=\"https:\/\/mytraveljournal-blog.com\/de\/visiting-gaudis-architecture\/dsc01195\/\" data-orig-file=\"https:\/\/i0.wp.com\/mytraveljournal-blog.com\/wp-content\/uploads\/2022\/08\/DSC01195-scaled.jpg?fit=1707%2C2560&amp;ssl=1\" data-orig-size=\"1707,2560\" data-comments-opened=\"1\" data-image-meta=\"{&quot;aperture&quot;:&quot;8&quot;,&quot;credit&quot;:&quot;&quot;,&quot;camera&quot;:&quot;ILCE-6000&quot;,&quot;caption&quot;:&quot;&quot;,&quot;created_timestamp&quot;:&quot;0&quot;,&quot;copyright&quot;:&quot;&quot;,&quot;focal_length&quot;:&quot;17&quot;,&quot;iso&quot;:&quot;100&quot;,&quot;shutter_speed&quot;:&quot;0.0125&quot;,&quot;title&quot;:&quot;&quot;,&quot;orientation&quot;:&quot;0&quot;}\" data-image-title=\"Casa Battl\u00f3\" data-image-description=\"\" data-image-caption=\"&lt;p&gt;Casa Battl\u00f3&lt;\/p&gt;\n\" data-large-file=\"https:\/\/i0.wp.com\/mytraveljournal-blog.com\/wp-content\/uploads\/2022\/08\/DSC01195-scaled.jpg?fit=525%2C787&amp;ssl=1\" data-attachment-id=\"3836\" data-permalink=\"https:\/\/mytraveljournal-blog.com\/de\/visiting-gaudis-architecture\/dsc01195\/\" data-orig-file=\"https:\/\/i0.wp.com\/mytraveljournal-blog.com\/wp-content\/uploads\/2022\/08\/DSC01195-scaled.jpg?fit=1707%2C2560&amp;ssl=1\" data-orig-size=\"1707,2560\" data-comments-opened=\"1\" data-image-meta=\"{&quot;aperture&quot;:&quot;8&quot;,&quot;credit&quot;:&quot;&quot;,&quot;camera&quot;:&quot;ILCE-6000&quot;,&quot;caption&quot;:&quot;&quot;,&quot;created_timestamp&quot;:&quot;0&quot;,&quot;copyright&quot;:&quot;&quot;,&quot;focal_length&quot;:&quot;17&quot;,&quot;iso&quot;:&quot;100&quot;,&quot;shutter_speed&quot;:&quot;0.0125&quot;,&quot;title&quot;:&quot;&quot;,&quot;orientation&quot;:&quot;0&quot;}\" data-image-title=\"Casa Battl\u00f3\" data-image-description=\"\" data-image-caption=\"&lt;p&gt;Casa Battl\u00f3&lt;\/p&gt;\n\" data-large-file=\"https:\/\/i0.wp.com\/mytraveljournal-blog.com\/wp-content\/uploads\/2022\/08\/DSC01195-scaled.jpg?fit=525%2C787&amp;ssl=1\" role=\"button\" tabindex=\"0\" aria-label=\"Bild\u00a07 von 9 im Vollbildmodus \u00f6ffnen\"data-srcset=\"https:\/\/i2.wp.com\/mytraveljournal-blog.com\/wp-content\/uploads\/2022\/08\/DSC01195-683x1024.jpg?strip=info&#038;w=600&#038;ssl=1 600w,https:\/\/i2.wp.com\/mytraveljournal-blog.com\/wp-content\/uploads\/2022\/08\/DSC01195-683x1024.jpg?strip=info&#038;w=900&#038;ssl=1 900w,https:\/\/i2.wp.com\/mytraveljournal-blog.com\/wp-content\/uploads\/2022\/08\/DSC01195-683x1024.jpg?strip=info&#038;w=1200&#038;ssl=1 1200w,https:\/\/i2.wp.com\/mytraveljournal-blog.com\/wp-content\/uploads\/2022\/08\/DSC01195-683x1024.jpg?strip=info&#038;w=1500&#038;ssl=1 1500w,https:\/\/i2.wp.com\/mytraveljournal-blog.com\/wp-content\/uploads\/2022\/08\/DSC01195-683x1024.jpg?strip=info&#038;w=1707&#038;ssl=1 1707w\" alt=\"The facade of Casa Battl\u00f3\" data-height=\"2560\" data-id=\"3836\" data-link=\"https:\/\/mytraveljournal-blog.com\/?attachment_id=3836\" data-url=\"https:\/\/mytraveljournal-blog.com\/wp-content\/uploads\/2022\/08\/DSC01195-683x1024.jpg\" data-width=\"1707\" data-src=\"https:\/\/i2.wp.com\/mytraveljournal-blog.com\/wp-content\/uploads\/2022\/08\/DSC01195-683x1024.jpg?ssl=1\" data-amp-layout=\"responsive\" src=\"data:image\/svg+xml;base64,PHN2ZyB3aWR0aD0iMSIgaGVpZ2h0PSIxIiB4bWxucz0iaHR0cDovL3d3dy53My5vcmcvMjAwMC9zdmciPjwvc3ZnPg==\" class=\"lazyload\" style=\"--smush-placeholder-width: 683px; --smush-placeholder-aspect-ratio: 683\/1024;\" \/><\/figure><\/div><\/div><div class=\"tiled-gallery__row\"><div class=\"tiled-gallery__col\" style=\"flex-basis:69.15954%\"><figure class=\"tiled-gallery__item\"><img decoding=\"async\" data-attachment-id=\"3837\" data-permalink=\"https:\/\/mytraveljournal-blog.com\/de\/visiting-gaudis-architecture\/dsc01268\/\" data-orig-file=\"https:\/\/i0.wp.com\/mytraveljournal-blog.com\/wp-content\/uploads\/2022\/08\/DSC01268-scaled.jpg?fit=2560%2C1707&amp;ssl=1\" data-orig-size=\"2560,1707\" data-comments-opened=\"1\" data-image-meta=\"{&quot;aperture&quot;:&quot;11&quot;,&quot;credit&quot;:&quot;&quot;,&quot;camera&quot;:&quot;ILCE-6000&quot;,&quot;caption&quot;:&quot;&quot;,&quot;created_timestamp&quot;:&quot;0&quot;,&quot;copyright&quot;:&quot;&quot;,&quot;focal_length&quot;:&quot;16&quot;,&quot;iso&quot;:&quot;100&quot;,&quot;shutter_speed&quot;:&quot;0.005&quot;,&quot;title&quot;:&quot;&quot;,&quot;orientation&quot;:&quot;0&quot;}\" data-image-title=\"On the rooftop of Casa Battl\u00f3\" data-image-description=\"\" data-image-caption=\"&lt;p&gt;On the rooftop of Casa Battl\u00f3&lt;\/p&gt;\n\" data-large-file=\"https:\/\/i0.wp.com\/mytraveljournal-blog.com\/wp-content\/uploads\/2022\/08\/DSC01268-scaled.jpg?fit=525%2C350&amp;ssl=1\" data-attachment-id=\"3837\" data-permalink=\"https:\/\/mytraveljournal-blog.com\/de\/visiting-gaudis-architecture\/dsc01268\/\" data-orig-file=\"https:\/\/i0.wp.com\/mytraveljournal-blog.com\/wp-content\/uploads\/2022\/08\/DSC01268-scaled.jpg?fit=2560%2C1707&amp;ssl=1\" data-orig-size=\"2560,1707\" data-comments-opened=\"1\" data-image-meta=\"{&quot;aperture&quot;:&quot;11&quot;,&quot;credit&quot;:&quot;&quot;,&quot;camera&quot;:&quot;ILCE-6000&quot;,&quot;caption&quot;:&quot;&quot;,&quot;created_timestamp&quot;:&quot;0&quot;,&quot;copyright&quot;:&quot;&quot;,&quot;focal_length&quot;:&quot;16&quot;,&quot;iso&quot;:&quot;100&quot;,&quot;shutter_speed&quot;:&quot;0.005&quot;,&quot;title&quot;:&quot;&quot;,&quot;orientation&quot;:&quot;0&quot;}\" data-image-title=\"On the rooftop of Casa Battl\u00f3\" data-image-description=\"\" data-image-caption=\"&lt;p&gt;On the rooftop of Casa Battl\u00f3&lt;\/p&gt;\n\" data-large-file=\"https:\/\/i0.wp.com\/mytraveljournal-blog.com\/wp-content\/uploads\/2022\/08\/DSC01268-scaled.jpg?fit=525%2C350&amp;ssl=1\" role=\"button\" tabindex=\"0\" aria-label=\"Bild\u00a08 von 9 im Vollbildmodus \u00f6ffnen\"data-srcset=\"https:\/\/i0.wp.com\/mytraveljournal-blog.com\/wp-content\/uploads\/2022\/08\/DSC01268-1024x683.jpg?strip=info&#038;w=600&#038;ssl=1 600w,https:\/\/i0.wp.com\/mytraveljournal-blog.com\/wp-content\/uploads\/2022\/08\/DSC01268-1024x683.jpg?strip=info&#038;w=900&#038;ssl=1 900w,https:\/\/i0.wp.com\/mytraveljournal-blog.com\/wp-content\/uploads\/2022\/08\/DSC01268-1024x683.jpg?strip=info&#038;w=1200&#038;ssl=1 1200w,https:\/\/i0.wp.com\/mytraveljournal-blog.com\/wp-content\/uploads\/2022\/08\/DSC01268-1024x683.jpg?strip=info&#038;w=1500&#038;ssl=1 1500w,https:\/\/i0.wp.com\/mytraveljournal-blog.com\/wp-content\/uploads\/2022\/08\/DSC01268-1024x683.jpg?strip=info&#038;w=1800&#038;ssl=1 1800w,https:\/\/i0.wp.com\/mytraveljournal-blog.com\/wp-content\/uploads\/2022\/08\/DSC01268-1024x683.jpg?strip=info&#038;w=2000&#038;ssl=1 2000w\" alt=\"On the rooftop of Casa Battl\u00f3\" data-height=\"1707\" data-id=\"3837\" data-link=\"https:\/\/mytraveljournal-blog.com\/?attachment_id=3837\" data-url=\"https:\/\/mytraveljournal-blog.com\/wp-content\/uploads\/2022\/08\/DSC01268-1024x683.jpg\" data-width=\"2560\" data-src=\"https:\/\/i0.wp.com\/mytraveljournal-blog.com\/wp-content\/uploads\/2022\/08\/DSC01268-1024x683.jpg?ssl=1\" data-amp-layout=\"responsive\" src=\"data:image\/svg+xml;base64,PHN2ZyB3aWR0aD0iMSIgaGVpZ2h0PSIxIiB4bWxucz0iaHR0cDovL3d3dy53My5vcmcvMjAwMC9zdmciPjwvc3ZnPg==\" class=\"lazyload\" style=\"--smush-placeholder-width: 1024px; --smush-placeholder-aspect-ratio: 1024\/683;\" \/><\/figure><\/div><div class=\"tiled-gallery__col\" style=\"flex-basis:30.84046%\"><figure class=\"tiled-gallery__item\"><img decoding=\"async\" data-attachment-id=\"3835\" data-permalink=\"https:\/\/mytraveljournal-blog.com\/de\/visiting-gaudis-architecture\/dsc01277\/\" data-orig-file=\"https:\/\/i0.wp.com\/mytraveljournal-blog.com\/wp-content\/uploads\/2022\/08\/DSC01277-scaled.jpg?fit=1707%2C2560&amp;ssl=1\" data-orig-size=\"1707,2560\" data-comments-opened=\"1\" data-image-meta=\"{&quot;aperture&quot;:&quot;10&quot;,&quot;credit&quot;:&quot;&quot;,&quot;camera&quot;:&quot;ILCE-6000&quot;,&quot;caption&quot;:&quot;&quot;,&quot;created_timestamp&quot;:&quot;0&quot;,&quot;copyright&quot;:&quot;&quot;,&quot;focal_length&quot;:&quot;16&quot;,&quot;iso&quot;:&quot;100&quot;,&quot;shutter_speed&quot;:&quot;0.01&quot;,&quot;title&quot;:&quot;&quot;,&quot;orientation&quot;:&quot;0&quot;}\" data-image-title=\"On the rooftop of Casa Battl\u00f3\" data-image-description=\"\" data-image-caption=\"&lt;p&gt;On the rooftop of Casa Battl\u00f3&lt;\/p&gt;\n\" data-large-file=\"https:\/\/i0.wp.com\/mytraveljournal-blog.com\/wp-content\/uploads\/2022\/08\/DSC01277-scaled.jpg?fit=525%2C787&amp;ssl=1\" data-attachment-id=\"3835\" data-permalink=\"https:\/\/mytraveljournal-blog.com\/de\/visiting-gaudis-architecture\/dsc01277\/\" data-orig-file=\"https:\/\/i0.wp.com\/mytraveljournal-blog.com\/wp-content\/uploads\/2022\/08\/DSC01277-scaled.jpg?fit=1707%2C2560&amp;ssl=1\" data-orig-size=\"1707,2560\" data-comments-opened=\"1\" data-image-meta=\"{&quot;aperture&quot;:&quot;10&quot;,&quot;credit&quot;:&quot;&quot;,&quot;camera&quot;:&quot;ILCE-6000&quot;,&quot;caption&quot;:&quot;&quot;,&quot;created_timestamp&quot;:&quot;0&quot;,&quot;copyright&quot;:&quot;&quot;,&quot;focal_length&quot;:&quot;16&quot;,&quot;iso&quot;:&quot;100&quot;,&quot;shutter_speed&quot;:&quot;0.01&quot;,&quot;title&quot;:&quot;&quot;,&quot;orientation&quot;:&quot;0&quot;}\" data-image-title=\"On the rooftop of Casa Battl\u00f3\" data-image-description=\"\" data-image-caption=\"&lt;p&gt;On the rooftop of Casa Battl\u00f3&lt;\/p&gt;\n\" data-large-file=\"https:\/\/i0.wp.com\/mytraveljournal-blog.com\/wp-content\/uploads\/2022\/08\/DSC01277-scaled.jpg?fit=525%2C787&amp;ssl=1\" role=\"button\" tabindex=\"0\" aria-label=\"Bild\u00a09 von 9 im Vollbildmodus \u00f6ffnen\"data-srcset=\"https:\/\/i2.wp.com\/mytraveljournal-blog.com\/wp-content\/uploads\/2022\/08\/DSC01277-683x1024.jpg?strip=info&#038;w=600&#038;ssl=1 600w,https:\/\/i2.wp.com\/mytraveljournal-blog.com\/wp-content\/uploads\/2022\/08\/DSC01277-683x1024.jpg?strip=info&#038;w=900&#038;ssl=1 900w,https:\/\/i2.wp.com\/mytraveljournal-blog.com\/wp-content\/uploads\/2022\/08\/DSC01277-683x1024.jpg?strip=info&#038;w=1200&#038;ssl=1 1200w,https:\/\/i2.wp.com\/mytraveljournal-blog.com\/wp-content\/uploads\/2022\/08\/DSC01277-683x1024.jpg?strip=info&#038;w=1500&#038;ssl=1 1500w,https:\/\/i2.wp.com\/mytraveljournal-blog.com\/wp-content\/uploads\/2022\/08\/DSC01277-683x1024.jpg?strip=info&#038;w=1707&#038;ssl=1 1707w\" alt=\"On the rooftop of Casa Battl\u00f3\" data-height=\"2560\" data-id=\"3835\" data-link=\"https:\/\/mytraveljournal-blog.com\/?attachment_id=3835\" data-url=\"https:\/\/mytraveljournal-blog.com\/wp-content\/uploads\/2022\/08\/DSC01277-683x1024.jpg\" data-width=\"1707\" data-src=\"https:\/\/i2.wp.com\/mytraveljournal-blog.com\/wp-content\/uploads\/2022\/08\/DSC01277-683x1024.jpg?ssl=1\" data-amp-layout=\"responsive\" src=\"data:image\/svg+xml;base64,PHN2ZyB3aWR0aD0iMSIgaGVpZ2h0PSIxIiB4bWxucz0iaHR0cDovL3d3dy53My5vcmcvMjAwMC9zdmciPjwvc3ZnPg==\" class=\"lazyload\" style=\"--smush-placeholder-width: 683px; --smush-placeholder-aspect-ratio: 683\/1024;\" \/><\/figure><\/div><\/div><\/div><\/div>\n\n\n\n<p><\/p>\n\n\n\n<p><\/p>\n\n\n\n<p><\/p>\n\n\n\n<h5 class=\"wp-block-heading\"><span class=\"ez-toc-section\" id=\"Sagrada_Familia_1882-heute_Gaudi_1883-1926\"><\/span>Sagrada Fam\u00edlia (1882-heute; Gaud\u00ed: 1883-1926)<span class=\"ez-toc-section-end\"><\/span><\/h5>\n\n\n\n<p>Eintrittspreis: ab 26 Euro<\/p>\n\n\n<div class=\"wp-block-image is-style-default\">\n<figure class=\"alignleft size-thumbnail\"><a href=\"https:\/\/i0.wp.com\/mytraveljournal-blog.com\/wp-content\/uploads\/2022\/08\/04-Sagrada-Familia-scaled.jpg?ssl=1\" target=\"_blank\" rel=\"noreferrer noopener\"><img data-recalc-dims=\"1\" decoding=\"async\" width=\"150\" height=\"150\" data-attachment-id=\"3829\" data-permalink=\"https:\/\/mytraveljournal-blog.com\/de\/visiting-gaudis-architecture\/04-sagrada-familia\/\" data-orig-file=\"https:\/\/i0.wp.com\/mytraveljournal-blog.com\/wp-content\/uploads\/2022\/08\/04-Sagrada-Familia-scaled.jpg?fit=1706%2C2560&amp;ssl=1\" data-orig-size=\"1706,2560\" data-comments-opened=\"1\" data-image-meta=\"{&quot;aperture&quot;:&quot;11&quot;,&quot;credit&quot;:&quot;&quot;,&quot;camera&quot;:&quot;ILCE-6000&quot;,&quot;caption&quot;:&quot;&quot;,&quot;created_timestamp&quot;:&quot;0&quot;,&quot;copyright&quot;:&quot;&quot;,&quot;focal_length&quot;:&quot;27&quot;,&quot;iso&quot;:&quot;100&quot;,&quot;shutter_speed&quot;:&quot;0.008&quot;,&quot;title&quot;:&quot;&quot;,&quot;orientation&quot;:&quot;0&quot;}\" data-image-title=\"Sagrada Fam\u00edlia\" data-image-description=\"\" data-image-caption=\"\" data-large-file=\"https:\/\/i0.wp.com\/mytraveljournal-blog.com\/wp-content\/uploads\/2022\/08\/04-Sagrada-Familia-scaled.jpg?fit=525%2C787&amp;ssl=1\" data-src=\"https:\/\/i0.wp.com\/mytraveljournal-blog.com\/wp-content\/uploads\/2022\/08\/04-Sagrada-Familia.jpg?resize=150%2C150&#038;ssl=1\" alt=\"Sagrada Fam\u00edlia\" class=\"wp-image-3829 lazyload\" data-srcset=\"https:\/\/i0.wp.com\/mytraveljournal-blog.com\/wp-content\/uploads\/2022\/08\/04-Sagrada-Familia-scaled.jpg?resize=150%2C150&amp;ssl=1 150w, https:\/\/i0.wp.com\/mytraveljournal-blog.com\/wp-content\/uploads\/2022\/08\/04-Sagrada-Familia-scaled.jpg?resize=100%2C100&amp;ssl=1 100w, https:\/\/i0.wp.com\/mytraveljournal-blog.com\/wp-content\/uploads\/2022\/08\/04-Sagrada-Familia-scaled.jpg?zoom=2&amp;resize=150%2C150&amp;ssl=1 300w, https:\/\/i0.wp.com\/mytraveljournal-blog.com\/wp-content\/uploads\/2022\/08\/04-Sagrada-Familia-scaled.jpg?zoom=3&amp;resize=150%2C150&amp;ssl=1 450w\" data-sizes=\"(max-width: 150px) 100vw, 150px\" src=\"data:image\/svg+xml;base64,PHN2ZyB3aWR0aD0iMSIgaGVpZ2h0PSIxIiB4bWxucz0iaHR0cDovL3d3dy53My5vcmcvMjAwMC9zdmciPjwvc3ZnPg==\" style=\"--smush-placeholder-width: 150px; --smush-placeholder-aspect-ratio: 150\/150;\" \/><\/a><\/figure>\n<\/div>\n\n\n<p>Die <strong>Basilika der Sagrada Fam\u00edlia<\/strong> ist wohl <strong>Gaud\u00eds bekanntestes Werk<\/strong> und wird sehr oft als Postkartenmotiv verwendet. Das Projekt startete <strong>1882 <\/strong>und <strong>wurde ein Jahr sp\u00e4ter in 1883 von Gaud\u00ed \u00fcbernommen<\/strong>. Er <strong>entwarf die Basilika<\/strong> und <strong>arbeitete bis zu seinem Tod daran<\/strong>, wohl wissend, dass er die <strong>Fertigstellung der Kirche niemals sehen<\/strong> wird. Als <strong>Gaud\u00ed 1962 starb<\/strong>, war<strong> weniger als ein Viertel fertiggestellt<\/strong>. Bis heute arbeiten viele verschiedene Architekten an der Sagrada Fam\u00edlia, die Fertigstellung wurde f\u00fcr 2026 geplant \u2013 zum 100. Todestag Gaud\u00eds. Aber aufgrund mehrerer Hindernisse wie dem spanischen B\u00fcrgerkrieg, aber auch Corona kann der Termin nicht eingehalten werden. Laut der Stiftung werden die Bauarbeiten nicht vor<strong> 2030-2040<\/strong> abgeschlossen sein.<\/p>\n\n\n\n<figure class=\"wp-block-image size-large is-style-default\"><a href=\"https:\/\/i0.wp.com\/mytraveljournal-blog.com\/wp-content\/uploads\/2022\/08\/DSC01377-scaled.jpg?ssl=1\" target=\"_blank\" rel=\"noreferrer noopener\"><img data-recalc-dims=\"1\" decoding=\"async\" width=\"525\" height=\"295\" data-attachment-id=\"3846\" data-permalink=\"https:\/\/mytraveljournal-blog.com\/de\/visiting-gaudis-architecture\/dsc01377\/\" data-orig-file=\"https:\/\/i0.wp.com\/mytraveljournal-blog.com\/wp-content\/uploads\/2022\/08\/DSC01377-scaled.jpg?fit=2560%2C1440&amp;ssl=1\" data-orig-size=\"2560,1440\" data-comments-opened=\"1\" data-image-meta=\"{&quot;aperture&quot;:&quot;4&quot;,&quot;credit&quot;:&quot;&quot;,&quot;camera&quot;:&quot;ILCE-6000&quot;,&quot;caption&quot;:&quot;&quot;,&quot;created_timestamp&quot;:&quot;0&quot;,&quot;copyright&quot;:&quot;&quot;,&quot;focal_length&quot;:&quot;16&quot;,&quot;iso&quot;:&quot;800&quot;,&quot;shutter_speed&quot;:&quot;0.00625&quot;,&quot;title&quot;:&quot;&quot;,&quot;orientation&quot;:&quot;0&quot;}\" data-image-title=\"The colourful windows of Sagrada Fam\u00edlia\" data-image-description=\"\" data-image-caption=\"\" data-large-file=\"https:\/\/i0.wp.com\/mytraveljournal-blog.com\/wp-content\/uploads\/2022\/08\/DSC01377-scaled.jpg?fit=525%2C295&amp;ssl=1\" data-src=\"https:\/\/i0.wp.com\/mytraveljournal-blog.com\/wp-content\/uploads\/2022\/08\/DSC01377.jpg?resize=525%2C295&#038;ssl=1\" alt=\"The colourful windows of Sagrada Fam\u00edlia\" class=\"wp-image-3846 lazyload\" data-srcset=\"https:\/\/i0.wp.com\/mytraveljournal-blog.com\/wp-content\/uploads\/2022\/08\/DSC01377-scaled.jpg?resize=1024%2C576&amp;ssl=1 1024w, https:\/\/i0.wp.com\/mytraveljournal-blog.com\/wp-content\/uploads\/2022\/08\/DSC01377-scaled.jpg?resize=300%2C169&amp;ssl=1 300w, https:\/\/i0.wp.com\/mytraveljournal-blog.com\/wp-content\/uploads\/2022\/08\/DSC01377-scaled.jpg?resize=768%2C432&amp;ssl=1 768w, https:\/\/i0.wp.com\/mytraveljournal-blog.com\/wp-content\/uploads\/2022\/08\/DSC01377-scaled.jpg?resize=1536%2C864&amp;ssl=1 1536w, https:\/\/i0.wp.com\/mytraveljournal-blog.com\/wp-content\/uploads\/2022\/08\/DSC01377-scaled.jpg?resize=2048%2C1152&amp;ssl=1 2048w\" data-sizes=\"(max-width: 767px) 89vw, (max-width: 1000px) 54vw, (max-width: 1071px) 543px, 580px\" src=\"data:image\/svg+xml;base64,PHN2ZyB3aWR0aD0iMSIgaGVpZ2h0PSIxIiB4bWxucz0iaHR0cDovL3d3dy53My5vcmcvMjAwMC9zdmciPjwvc3ZnPg==\" style=\"--smush-placeholder-width: 525px; --smush-placeholder-aspect-ratio: 525\/295;\" \/><\/a><figcaption>Die bunten Glasfenster der Sagrada Fam\u00edlia<\/figcaption><\/figure>\n\n\n\n<h6 class=\"wp-block-heading\"><span class=\"ez-toc-section\" id=\"Mein_erster_Eindruck-2\"><\/span>Mein erster Eindruck<span class=\"ez-toc-section-end\"><\/span><\/h6>\n\n\n<div class=\"wp-block-image is-style-default\">\n<figure class=\"alignright size-thumbnail\"><a href=\"https:\/\/i0.wp.com\/mytraveljournal-blog.com\/wp-content\/uploads\/2022\/08\/DSC01323-scaled.jpg?ssl=1\" target=\"_blank\" rel=\"noreferrer noopener\"><img data-recalc-dims=\"1\" decoding=\"async\" width=\"150\" height=\"150\" data-attachment-id=\"3844\" data-permalink=\"https:\/\/mytraveljournal-blog.com\/de\/visiting-gaudis-architecture\/dsc01323\/\" data-orig-file=\"https:\/\/i0.wp.com\/mytraveljournal-blog.com\/wp-content\/uploads\/2022\/08\/DSC01323-scaled.jpg?fit=1706%2C2560&amp;ssl=1\" data-orig-size=\"1706,2560\" data-comments-opened=\"1\" data-image-meta=\"{&quot;aperture&quot;:&quot;10&quot;,&quot;credit&quot;:&quot;&quot;,&quot;camera&quot;:&quot;ILCE-6000&quot;,&quot;caption&quot;:&quot;&quot;,&quot;created_timestamp&quot;:&quot;0&quot;,&quot;copyright&quot;:&quot;&quot;,&quot;focal_length&quot;:&quot;16&quot;,&quot;iso&quot;:&quot;100&quot;,&quot;shutter_speed&quot;:&quot;0.01&quot;,&quot;title&quot;:&quot;&quot;,&quot;orientation&quot;:&quot;0&quot;}\" data-image-title=\"The facade of Sagrada Fam\u00edlia showing the crucifixion of Jesus.\" data-image-description=\"\" data-image-caption=\"\" data-large-file=\"https:\/\/i0.wp.com\/mytraveljournal-blog.com\/wp-content\/uploads\/2022\/08\/DSC01323-scaled.jpg?fit=525%2C788&amp;ssl=1\" data-src=\"https:\/\/i0.wp.com\/mytraveljournal-blog.com\/wp-content\/uploads\/2022\/08\/DSC01323.jpg?resize=150%2C150&#038;ssl=1\" alt=\"The facade of Sagrada Fam\u00edlia showing the crucifixion of Jesus.\" class=\"wp-image-3844 lazyload\" data-srcset=\"https:\/\/i0.wp.com\/mytraveljournal-blog.com\/wp-content\/uploads\/2022\/08\/DSC01323-scaled.jpg?resize=150%2C150&amp;ssl=1 150w, https:\/\/i0.wp.com\/mytraveljournal-blog.com\/wp-content\/uploads\/2022\/08\/DSC01323-scaled.jpg?resize=100%2C100&amp;ssl=1 100w, https:\/\/i0.wp.com\/mytraveljournal-blog.com\/wp-content\/uploads\/2022\/08\/DSC01323-scaled.jpg?zoom=2&amp;resize=150%2C150&amp;ssl=1 300w, https:\/\/i0.wp.com\/mytraveljournal-blog.com\/wp-content\/uploads\/2022\/08\/DSC01323-scaled.jpg?zoom=3&amp;resize=150%2C150&amp;ssl=1 450w\" data-sizes=\"(max-width: 150px) 100vw, 150px\" src=\"data:image\/svg+xml;base64,PHN2ZyB3aWR0aD0iMSIgaGVpZ2h0PSIxIiB4bWxucz0iaHR0cDovL3d3dy53My5vcmcvMjAwMC9zdmciPjwvc3ZnPg==\" style=\"--smush-placeholder-width: 150px; --smush-placeholder-aspect-ratio: 150\/150;\" \/><\/a><figcaption>Die Fassade zeigt die Kreuzigung von Jesus<\/figcaption><\/figure>\n<\/div>\n\n\n<p>F\u00fcr mich war der Besuch der Sagrada Fam\u00edlia <strong>eines meiner Highlights <\/strong>meiner Barcelona-Reise. Es war faszinierend so eine riesige Basilika zu besuchen, an der <strong>seit mehreren Jahrhunderten gebaut<\/strong> wird und dessen <strong>Architektur sich immer noch weiter wandelt<\/strong>. Du solltest dir unbedingt die<strong> App mit dem Audioguide<\/strong> vor deinem Besuch herunterladen, da diese spannende weitere Informationen zu Gaud\u00eds Werk liefert. Er erkl\u00e4rt beispielsweise die <strong>zwei verschiedenen Fassaden <\/strong>der Basilika. Der Unterschied besteht zwischen den weichen Umrissen der Geburtsszene Jesu, von wo aus dein Besuch beginnt, und der harten, eckigen Fassade auf der anderen Seite, die die Kreuzigung darstellt. Au\u00dferdem liebe ich das <strong>Farbenspiel der Fenster<\/strong>, das der Kirche eine gem\u00fctliche Atmosph\u00e4re verleiht sowie die <strong>S\u00e4ulen im Inneren, die einen Wald symbolisieren<\/strong>. Alles in allem habe ich 1,5 Stunden in der Sagrada Fam\u00edlia verbrachte und tat mich erstaunlich schwer damit, sie wieder zu verlassen.<\/p>\n\n\n\n<h6 class=\"wp-block-heading\"><span class=\"ez-toc-section\" id=\"Lohnt_es_sich-2\"><\/span>Lohnt es sich?<span class=\"ez-toc-section-end\"><\/span><\/h6>\n\n\n<div class=\"wp-block-image is-style-default\">\n<figure class=\"alignright size-thumbnail\"><a href=\"https:\/\/i0.wp.com\/mytraveljournal-blog.com\/wp-content\/uploads\/2022\/08\/DSC01364-1-scaled.jpg?ssl=1\" target=\"_blank\" rel=\"noreferrer noopener\"><img data-recalc-dims=\"1\" decoding=\"async\" width=\"150\" height=\"150\" data-attachment-id=\"3845\" data-permalink=\"https:\/\/mytraveljournal-blog.com\/de\/visiting-gaudis-architecture\/dsc01364-1\/\" data-orig-file=\"https:\/\/i0.wp.com\/mytraveljournal-blog.com\/wp-content\/uploads\/2022\/08\/DSC01364-1-scaled.jpg?fit=1707%2C2560&amp;ssl=1\" data-orig-size=\"1707,2560\" data-comments-opened=\"1\" data-image-meta=\"{&quot;aperture&quot;:&quot;4&quot;,&quot;credit&quot;:&quot;&quot;,&quot;camera&quot;:&quot;ILCE-6000&quot;,&quot;caption&quot;:&quot;&quot;,&quot;created_timestamp&quot;:&quot;0&quot;,&quot;copyright&quot;:&quot;&quot;,&quot;focal_length&quot;:&quot;16&quot;,&quot;iso&quot;:&quot;200&quot;,&quot;shutter_speed&quot;:&quot;0.0166666666667&quot;,&quot;title&quot;:&quot;&quot;,&quot;orientation&quot;:&quot;0&quot;}\" data-image-title=\"Inside of Sagrada Fam\u00edlia\" data-image-description=\"\" data-image-caption=\"\" data-large-file=\"https:\/\/i0.wp.com\/mytraveljournal-blog.com\/wp-content\/uploads\/2022\/08\/DSC01364-1-scaled.jpg?fit=525%2C787&amp;ssl=1\" data-src=\"https:\/\/i0.wp.com\/mytraveljournal-blog.com\/wp-content\/uploads\/2022\/08\/DSC01364-1.jpg?resize=150%2C150&#038;ssl=1\" alt=\"Inside of Sagrada Fam\u00edlia\" class=\"wp-image-3845 lazyload\" data-srcset=\"https:\/\/i0.wp.com\/mytraveljournal-blog.com\/wp-content\/uploads\/2022\/08\/DSC01364-1-scaled.jpg?resize=150%2C150&amp;ssl=1 150w, https:\/\/i0.wp.com\/mytraveljournal-blog.com\/wp-content\/uploads\/2022\/08\/DSC01364-1-scaled.jpg?resize=100%2C100&amp;ssl=1 100w, https:\/\/i0.wp.com\/mytraveljournal-blog.com\/wp-content\/uploads\/2022\/08\/DSC01364-1-scaled.jpg?zoom=2&amp;resize=150%2C150&amp;ssl=1 300w, https:\/\/i0.wp.com\/mytraveljournal-blog.com\/wp-content\/uploads\/2022\/08\/DSC01364-1-scaled.jpg?zoom=3&amp;resize=150%2C150&amp;ssl=1 450w\" data-sizes=\"(max-width: 150px) 100vw, 150px\" src=\"data:image\/svg+xml;base64,PHN2ZyB3aWR0aD0iMSIgaGVpZ2h0PSIxIiB4bWxucz0iaHR0cDovL3d3dy53My5vcmcvMjAwMC9zdmciPjwvc3ZnPg==\" style=\"--smush-placeholder-width: 150px; --smush-placeholder-aspect-ratio: 150\/150;\" \/><\/a><\/figure>\n<\/div>\n\n\n<p>Um es kurz zu machen, <strong>ich w\u00fcrde ja sagen<\/strong>. Sagrada Fam\u00edlia war <strong>mein Lieblingswerk von Gaud\u00ed <\/strong>von den vieren, die ich gesehen habe. Obwohl ich die Basilika kurz vor Ostern besuchte, f\u00fchlte sich die Kirche im Gegensatz zur Casa Batll\u00f3 <strong>nie zu voll <\/strong>an. Nat\u00fcrlich waren auch diesmal viele Leute da, aber ich fand, dass es nicht zu eng war. Die Sagrada Fam\u00edlia selbst ist wirklich gro\u00df und bietet viel Platz. Ich konnte mir diesmal wirklich die Zeit nehmen, mich in Ruhe umzusehen. Da sich die meiste Architektur an den W\u00e4nden und Fenstern \u00fcber dir befindet, sind die anderen Besucher nicht wirklich im Weg, wenn du dir etwas genauer ansehen willst. Anders als bei meinen weiteren Besuchen <strong>musste ich nicht warten<\/strong>, um die Architektur genauer zu betrachten oder ein Foto zu machen. Die Kirche bietet auch ein <strong>angebundenes Museum<\/strong>, welches die<strong> Geschichte, Technik, Kunst und symbolischen Aspekte hinter der Basilika <\/strong>erkl\u00e4rt.<\/p>\n\n\n\n<p>Sagrada Fam\u00edlia hatte f\u00fcr mich <strong>ein besseres Preis-Leistungs-Verh\u00e4ltnis<\/strong> als Casa Vicens und Casa Batll\u00f3. Die<strong> Eintrittspreise sind immer noch sehr hoch<\/strong>, werden aber<strong> f\u00fcr die Bauarbeiten der Basilika verwendet<\/strong>. Wenn du Low-Budget reist, kannst du den <strong>Gottesdienst<\/strong> nutzen, <strong>um die Sagrada Fam\u00edlia kostenlos zu besuchen<\/strong>. Aber dann solltest du nat\u00fcrlich die anderen Betenden respektieren, f\u00fcr den ganzen Gottesdienst bleiben und w\u00e4hrend dieser Zeit keine Fotos machen. Au\u00dferdem solltest du m\u00f6glichst fr\u00fch kommen, da die Kapazit\u00e4t der Kirche begrenzt ist.<\/p>\n\n\n\n<div class=\"wp-block-jetpack-tiled-gallery aligncenter is-style-columns\"><div class=\"tiled-gallery__gallery\"><div class=\"tiled-gallery__row\"><div class=\"tiled-gallery__col\" style=\"flex-basis:28.56496%\"><figure class=\"tiled-gallery__item\"><img decoding=\"async\" data-attachment-id=\"3855\" data-permalink=\"https:\/\/mytraveljournal-blog.com\/de\/visiting-gaudis-architecture\/dsc01435\/\" data-orig-file=\"https:\/\/i0.wp.com\/mytraveljournal-blog.com\/wp-content\/uploads\/2022\/08\/DSC01435-scaled.jpg?fit=1707%2C2560&amp;ssl=1\" data-orig-size=\"1707,2560\" data-comments-opened=\"1\" data-image-meta=\"{&quot;aperture&quot;:&quot;11&quot;,&quot;credit&quot;:&quot;&quot;,&quot;camera&quot;:&quot;ILCE-6000&quot;,&quot;caption&quot;:&quot;&quot;,&quot;created_timestamp&quot;:&quot;0&quot;,&quot;copyright&quot;:&quot;&quot;,&quot;focal_length&quot;:&quot;33&quot;,&quot;iso&quot;:&quot;100&quot;,&quot;shutter_speed&quot;:&quot;0.00625&quot;,&quot;title&quot;:&quot;&quot;,&quot;orientation&quot;:&quot;0&quot;}\" data-image-title=\"Sagrada Fam\u00edlia\" data-image-description=\"\" data-image-caption=\"\" data-large-file=\"https:\/\/i0.wp.com\/mytraveljournal-blog.com\/wp-content\/uploads\/2022\/08\/DSC01435-scaled.jpg?fit=525%2C787&amp;ssl=1\" data-attachment-id=\"3855\" data-permalink=\"https:\/\/mytraveljournal-blog.com\/de\/visiting-gaudis-architecture\/dsc01435\/\" data-orig-file=\"https:\/\/i0.wp.com\/mytraveljournal-blog.com\/wp-content\/uploads\/2022\/08\/DSC01435-scaled.jpg?fit=1707%2C2560&amp;ssl=1\" data-orig-size=\"1707,2560\" data-comments-opened=\"1\" data-image-meta=\"{&quot;aperture&quot;:&quot;11&quot;,&quot;credit&quot;:&quot;&quot;,&quot;camera&quot;:&quot;ILCE-6000&quot;,&quot;caption&quot;:&quot;&quot;,&quot;created_timestamp&quot;:&quot;0&quot;,&quot;copyright&quot;:&quot;&quot;,&quot;focal_length&quot;:&quot;33&quot;,&quot;iso&quot;:&quot;100&quot;,&quot;shutter_speed&quot;:&quot;0.00625&quot;,&quot;title&quot;:&quot;&quot;,&quot;orientation&quot;:&quot;0&quot;}\" data-image-title=\"Sagrada Fam\u00edlia\" data-image-description=\"\" data-image-caption=\"\" data-large-file=\"https:\/\/i0.wp.com\/mytraveljournal-blog.com\/wp-content\/uploads\/2022\/08\/DSC01435-scaled.jpg?fit=525%2C787&amp;ssl=1\" role=\"button\" tabindex=\"0\" aria-label=\"Bild\u00a01 von 8 im Vollbildmodus \u00f6ffnen\"data-srcset=\"https:\/\/i1.wp.com\/mytraveljournal-blog.com\/wp-content\/uploads\/2022\/08\/DSC01435-683x1024.jpg?strip=info&#038;w=600&#038;ssl=1 600w,https:\/\/i1.wp.com\/mytraveljournal-blog.com\/wp-content\/uploads\/2022\/08\/DSC01435-683x1024.jpg?strip=info&#038;w=900&#038;ssl=1 900w,https:\/\/i1.wp.com\/mytraveljournal-blog.com\/wp-content\/uploads\/2022\/08\/DSC01435-683x1024.jpg?strip=info&#038;w=1200&#038;ssl=1 1200w,https:\/\/i1.wp.com\/mytraveljournal-blog.com\/wp-content\/uploads\/2022\/08\/DSC01435-683x1024.jpg?strip=info&#038;w=1500&#038;ssl=1 1500w,https:\/\/i1.wp.com\/mytraveljournal-blog.com\/wp-content\/uploads\/2022\/08\/DSC01435-683x1024.jpg?strip=info&#038;w=1707&#038;ssl=1 1707w\" alt=\"Sagrada Fam\u00edlia\" data-height=\"2560\" data-id=\"3855\" data-link=\"https:\/\/mytraveljournal-blog.com\/?attachment_id=3855\" data-url=\"https:\/\/mytraveljournal-blog.com\/wp-content\/uploads\/2022\/08\/DSC01435-683x1024.jpg\" data-width=\"1707\" data-src=\"https:\/\/i1.wp.com\/mytraveljournal-blog.com\/wp-content\/uploads\/2022\/08\/DSC01435-683x1024.jpg?ssl=1\" data-amp-layout=\"responsive\" src=\"data:image\/svg+xml;base64,PHN2ZyB3aWR0aD0iMSIgaGVpZ2h0PSIxIiB4bWxucz0iaHR0cDovL3d3dy53My5vcmcvMjAwMC9zdmciPjwvc3ZnPg==\" class=\"lazyload\" style=\"--smush-placeholder-width: 683px; --smush-placeholder-aspect-ratio: 683\/1024;\" \/><\/figure><figure class=\"tiled-gallery__item\"><img decoding=\"async\" data-attachment-id=\"3849\" data-permalink=\"https:\/\/mytraveljournal-blog.com\/de\/visiting-gaudis-architecture\/dsc01347\/\" data-orig-file=\"https:\/\/i0.wp.com\/mytraveljournal-blog.com\/wp-content\/uploads\/2022\/08\/DSC01347-scaled.jpg?fit=1707%2C2560&amp;ssl=1\" data-orig-size=\"1707,2560\" data-comments-opened=\"1\" data-image-meta=\"{&quot;aperture&quot;:&quot;4&quot;,&quot;credit&quot;:&quot;&quot;,&quot;camera&quot;:&quot;ILCE-6000&quot;,&quot;caption&quot;:&quot;&quot;,&quot;created_timestamp&quot;:&quot;0&quot;,&quot;copyright&quot;:&quot;&quot;,&quot;focal_length&quot;:&quot;16&quot;,&quot;iso&quot;:&quot;640&quot;,&quot;shutter_speed&quot;:&quot;0.00625&quot;,&quot;title&quot;:&quot;&quot;,&quot;orientation&quot;:&quot;0&quot;}\" data-image-title=\"Inside of Sagrada Fam\u00edlia\" data-image-description=\"\" data-image-caption=\"\" data-large-file=\"https:\/\/i0.wp.com\/mytraveljournal-blog.com\/wp-content\/uploads\/2022\/08\/DSC01347-scaled.jpg?fit=525%2C787&amp;ssl=1\" data-attachment-id=\"3849\" data-permalink=\"https:\/\/mytraveljournal-blog.com\/de\/visiting-gaudis-architecture\/dsc01347\/\" data-orig-file=\"https:\/\/i0.wp.com\/mytraveljournal-blog.com\/wp-content\/uploads\/2022\/08\/DSC01347-scaled.jpg?fit=1707%2C2560&amp;ssl=1\" data-orig-size=\"1707,2560\" data-comments-opened=\"1\" data-image-meta=\"{&quot;aperture&quot;:&quot;4&quot;,&quot;credit&quot;:&quot;&quot;,&quot;camera&quot;:&quot;ILCE-6000&quot;,&quot;caption&quot;:&quot;&quot;,&quot;created_timestamp&quot;:&quot;0&quot;,&quot;copyright&quot;:&quot;&quot;,&quot;focal_length&quot;:&quot;16&quot;,&quot;iso&quot;:&quot;640&quot;,&quot;shutter_speed&quot;:&quot;0.00625&quot;,&quot;title&quot;:&quot;&quot;,&quot;orientation&quot;:&quot;0&quot;}\" data-image-title=\"Inside of Sagrada Fam\u00edlia\" data-image-description=\"\" data-image-caption=\"\" data-large-file=\"https:\/\/i0.wp.com\/mytraveljournal-blog.com\/wp-content\/uploads\/2022\/08\/DSC01347-scaled.jpg?fit=525%2C787&amp;ssl=1\" role=\"button\" tabindex=\"0\" aria-label=\"Bild\u00a02 von 8 im Vollbildmodus \u00f6ffnen\"data-srcset=\"https:\/\/i1.wp.com\/mytraveljournal-blog.com\/wp-content\/uploads\/2022\/08\/DSC01347-683x1024.jpg?strip=info&#038;w=600&#038;ssl=1 600w,https:\/\/i1.wp.com\/mytraveljournal-blog.com\/wp-content\/uploads\/2022\/08\/DSC01347-683x1024.jpg?strip=info&#038;w=900&#038;ssl=1 900w,https:\/\/i1.wp.com\/mytraveljournal-blog.com\/wp-content\/uploads\/2022\/08\/DSC01347-683x1024.jpg?strip=info&#038;w=1200&#038;ssl=1 1200w,https:\/\/i1.wp.com\/mytraveljournal-blog.com\/wp-content\/uploads\/2022\/08\/DSC01347-683x1024.jpg?strip=info&#038;w=1500&#038;ssl=1 1500w,https:\/\/i1.wp.com\/mytraveljournal-blog.com\/wp-content\/uploads\/2022\/08\/DSC01347-683x1024.jpg?strip=info&#038;w=1707&#038;ssl=1 1707w\" alt=\"Inside of Sagrada Fam\u00edlia\" data-height=\"2560\" data-id=\"3849\" data-link=\"https:\/\/mytraveljournal-blog.com\/?attachment_id=3849\" data-url=\"https:\/\/mytraveljournal-blog.com\/wp-content\/uploads\/2022\/08\/DSC01347-683x1024.jpg\" data-width=\"1707\" data-src=\"https:\/\/i1.wp.com\/mytraveljournal-blog.com\/wp-content\/uploads\/2022\/08\/DSC01347-683x1024.jpg?ssl=1\" data-amp-layout=\"responsive\" src=\"data:image\/svg+xml;base64,PHN2ZyB3aWR0aD0iMSIgaGVpZ2h0PSIxIiB4bWxucz0iaHR0cDovL3d3dy53My5vcmcvMjAwMC9zdmciPjwvc3ZnPg==\" class=\"lazyload\" style=\"--smush-placeholder-width: 683px; --smush-placeholder-aspect-ratio: 683\/1024;\" \/><\/figure><figure class=\"tiled-gallery__item\"><img decoding=\"async\" data-attachment-id=\"3854\" data-permalink=\"https:\/\/mytraveljournal-blog.com\/de\/visiting-gaudis-architecture\/dsc01425\/\" data-orig-file=\"https:\/\/i0.wp.com\/mytraveljournal-blog.com\/wp-content\/uploads\/2022\/08\/DSC01425-scaled.jpg?fit=1707%2C2560&amp;ssl=1\" data-orig-size=\"1707,2560\" data-comments-opened=\"1\" data-image-meta=\"{&quot;aperture&quot;:&quot;6.3&quot;,&quot;credit&quot;:&quot;&quot;,&quot;camera&quot;:&quot;ILCE-6000&quot;,&quot;caption&quot;:&quot;&quot;,&quot;created_timestamp&quot;:&quot;0&quot;,&quot;copyright&quot;:&quot;&quot;,&quot;focal_length&quot;:&quot;16&quot;,&quot;iso&quot;:&quot;100&quot;,&quot;shutter_speed&quot;:&quot;0.005&quot;,&quot;title&quot;:&quot;&quot;,&quot;orientation&quot;:&quot;0&quot;}\" data-image-title=\"The facade of Sagrada Fam\u00edlia showing the crucifixion of Jesus.\" data-image-description=\"\" data-image-caption=\"\" data-large-file=\"https:\/\/i0.wp.com\/mytraveljournal-blog.com\/wp-content\/uploads\/2022\/08\/DSC01425-scaled.jpg?fit=525%2C787&amp;ssl=1\" data-attachment-id=\"3854\" data-permalink=\"https:\/\/mytraveljournal-blog.com\/de\/visiting-gaudis-architecture\/dsc01425\/\" data-orig-file=\"https:\/\/i0.wp.com\/mytraveljournal-blog.com\/wp-content\/uploads\/2022\/08\/DSC01425-scaled.jpg?fit=1707%2C2560&amp;ssl=1\" data-orig-size=\"1707,2560\" data-comments-opened=\"1\" data-image-meta=\"{&quot;aperture&quot;:&quot;6.3&quot;,&quot;credit&quot;:&quot;&quot;,&quot;camera&quot;:&quot;ILCE-6000&quot;,&quot;caption&quot;:&quot;&quot;,&quot;created_timestamp&quot;:&quot;0&quot;,&quot;copyright&quot;:&quot;&quot;,&quot;focal_length&quot;:&quot;16&quot;,&quot;iso&quot;:&quot;100&quot;,&quot;shutter_speed&quot;:&quot;0.005&quot;,&quot;title&quot;:&quot;&quot;,&quot;orientation&quot;:&quot;0&quot;}\" data-image-title=\"The facade of Sagrada Fam\u00edlia showing the crucifixion of Jesus.\" data-image-description=\"\" data-image-caption=\"\" data-large-file=\"https:\/\/i0.wp.com\/mytraveljournal-blog.com\/wp-content\/uploads\/2022\/08\/DSC01425-scaled.jpg?fit=525%2C787&amp;ssl=1\" role=\"button\" tabindex=\"0\" aria-label=\"Bild\u00a03 von 8 im Vollbildmodus \u00f6ffnen\"data-srcset=\"https:\/\/i1.wp.com\/mytraveljournal-blog.com\/wp-content\/uploads\/2022\/08\/DSC01425-683x1024.jpg?strip=info&#038;w=600&#038;ssl=1 600w,https:\/\/i1.wp.com\/mytraveljournal-blog.com\/wp-content\/uploads\/2022\/08\/DSC01425-683x1024.jpg?strip=info&#038;w=900&#038;ssl=1 900w,https:\/\/i1.wp.com\/mytraveljournal-blog.com\/wp-content\/uploads\/2022\/08\/DSC01425-683x1024.jpg?strip=info&#038;w=1200&#038;ssl=1 1200w,https:\/\/i1.wp.com\/mytraveljournal-blog.com\/wp-content\/uploads\/2022\/08\/DSC01425-683x1024.jpg?strip=info&#038;w=1500&#038;ssl=1 1500w,https:\/\/i1.wp.com\/mytraveljournal-blog.com\/wp-content\/uploads\/2022\/08\/DSC01425-683x1024.jpg?strip=info&#038;w=1707&#038;ssl=1 1707w\" alt=\"The facade of Sagrada Fam\u00edlia showing the crucifixion of Jesus.\" data-height=\"2560\" data-id=\"3854\" data-link=\"https:\/\/mytraveljournal-blog.com\/?attachment_id=3854\" data-url=\"https:\/\/mytraveljournal-blog.com\/wp-content\/uploads\/2022\/08\/DSC01425-683x1024.jpg\" data-width=\"1707\" data-src=\"https:\/\/i1.wp.com\/mytraveljournal-blog.com\/wp-content\/uploads\/2022\/08\/DSC01425-683x1024.jpg?ssl=1\" data-amp-layout=\"responsive\" src=\"data:image\/svg+xml;base64,PHN2ZyB3aWR0aD0iMSIgaGVpZ2h0PSIxIiB4bWxucz0iaHR0cDovL3d3dy53My5vcmcvMjAwMC9zdmciPjwvc3ZnPg==\" class=\"lazyload\" style=\"--smush-placeholder-width: 683px; --smush-placeholder-aspect-ratio: 683\/1024;\" \/><\/figure><\/div><div class=\"tiled-gallery__col\" style=\"flex-basis:28.55945%\"><figure class=\"tiled-gallery__item\"><img decoding=\"async\" data-attachment-id=\"3853\" data-permalink=\"https:\/\/mytraveljournal-blog.com\/de\/visiting-gaudis-architecture\/dsc01418\/\" data-orig-file=\"https:\/\/i0.wp.com\/mytraveljournal-blog.com\/wp-content\/uploads\/2022\/08\/DSC01418-scaled.jpg?fit=1707%2C2560&amp;ssl=1\" data-orig-size=\"1707,2560\" data-comments-opened=\"1\" data-image-meta=\"{&quot;aperture&quot;:&quot;3.5&quot;,&quot;credit&quot;:&quot;&quot;,&quot;camera&quot;:&quot;ILCE-6000&quot;,&quot;caption&quot;:&quot;&quot;,&quot;created_timestamp&quot;:&quot;0&quot;,&quot;copyright&quot;:&quot;&quot;,&quot;focal_length&quot;:&quot;16&quot;,&quot;iso&quot;:&quot;2000&quot;,&quot;shutter_speed&quot;:&quot;0.00625&quot;,&quot;title&quot;:&quot;&quot;,&quot;orientation&quot;:&quot;0&quot;}\" data-image-title=\"The door of Sagrada Fam\u00edlia\" data-image-description=\"\" data-image-caption=\"\" data-large-file=\"https:\/\/i0.wp.com\/mytraveljournal-blog.com\/wp-content\/uploads\/2022\/08\/DSC01418-scaled.jpg?fit=525%2C787&amp;ssl=1\" data-attachment-id=\"3853\" data-permalink=\"https:\/\/mytraveljournal-blog.com\/de\/visiting-gaudis-architecture\/dsc01418\/\" data-orig-file=\"https:\/\/i0.wp.com\/mytraveljournal-blog.com\/wp-content\/uploads\/2022\/08\/DSC01418-scaled.jpg?fit=1707%2C2560&amp;ssl=1\" data-orig-size=\"1707,2560\" data-comments-opened=\"1\" data-image-meta=\"{&quot;aperture&quot;:&quot;3.5&quot;,&quot;credit&quot;:&quot;&quot;,&quot;camera&quot;:&quot;ILCE-6000&quot;,&quot;caption&quot;:&quot;&quot;,&quot;created_timestamp&quot;:&quot;0&quot;,&quot;copyright&quot;:&quot;&quot;,&quot;focal_length&quot;:&quot;16&quot;,&quot;iso&quot;:&quot;2000&quot;,&quot;shutter_speed&quot;:&quot;0.00625&quot;,&quot;title&quot;:&quot;&quot;,&quot;orientation&quot;:&quot;0&quot;}\" data-image-title=\"The door of Sagrada Fam\u00edlia\" data-image-description=\"\" data-image-caption=\"\" data-large-file=\"https:\/\/i0.wp.com\/mytraveljournal-blog.com\/wp-content\/uploads\/2022\/08\/DSC01418-scaled.jpg?fit=525%2C787&amp;ssl=1\" role=\"button\" tabindex=\"0\" aria-label=\"Bild\u00a04 von 8 im Vollbildmodus \u00f6ffnen\"data-srcset=\"https:\/\/i2.wp.com\/mytraveljournal-blog.com\/wp-content\/uploads\/2022\/08\/DSC01418-683x1024.jpg?strip=info&#038;w=600&#038;ssl=1 600w,https:\/\/i2.wp.com\/mytraveljournal-blog.com\/wp-content\/uploads\/2022\/08\/DSC01418-683x1024.jpg?strip=info&#038;w=900&#038;ssl=1 900w,https:\/\/i2.wp.com\/mytraveljournal-blog.com\/wp-content\/uploads\/2022\/08\/DSC01418-683x1024.jpg?strip=info&#038;w=1200&#038;ssl=1 1200w,https:\/\/i2.wp.com\/mytraveljournal-blog.com\/wp-content\/uploads\/2022\/08\/DSC01418-683x1024.jpg?strip=info&#038;w=1500&#038;ssl=1 1500w,https:\/\/i2.wp.com\/mytraveljournal-blog.com\/wp-content\/uploads\/2022\/08\/DSC01418-683x1024.jpg?strip=info&#038;w=1707&#038;ssl=1 1707w\" alt=\"The door of Sagrada Fam\u00edlia\" data-height=\"2560\" data-id=\"3853\" data-link=\"https:\/\/mytraveljournal-blog.com\/?attachment_id=3853\" data-url=\"https:\/\/mytraveljournal-blog.com\/wp-content\/uploads\/2022\/08\/DSC01418-683x1024.jpg\" data-width=\"1707\" data-src=\"https:\/\/i2.wp.com\/mytraveljournal-blog.com\/wp-content\/uploads\/2022\/08\/DSC01418-683x1024.jpg?ssl=1\" data-amp-layout=\"responsive\" src=\"data:image\/svg+xml;base64,PHN2ZyB3aWR0aD0iMSIgaGVpZ2h0PSIxIiB4bWxucz0iaHR0cDovL3d3dy53My5vcmcvMjAwMC9zdmciPjwvc3ZnPg==\" class=\"lazyload\" style=\"--smush-placeholder-width: 683px; --smush-placeholder-aspect-ratio: 683\/1024;\" \/><\/figure><figure class=\"tiled-gallery__item\"><img decoding=\"async\" data-attachment-id=\"3848\" data-permalink=\"https:\/\/mytraveljournal-blog.com\/de\/visiting-gaudis-architecture\/dsc01335\/\" data-orig-file=\"https:\/\/i0.wp.com\/mytraveljournal-blog.com\/wp-content\/uploads\/2022\/08\/DSC01335-scaled.jpg?fit=1706%2C2560&amp;ssl=1\" data-orig-size=\"1706,2560\" data-comments-opened=\"1\" data-image-meta=\"{&quot;aperture&quot;:&quot;4&quot;,&quot;credit&quot;:&quot;&quot;,&quot;camera&quot;:&quot;ILCE-6000&quot;,&quot;caption&quot;:&quot;&quot;,&quot;created_timestamp&quot;:&quot;0&quot;,&quot;copyright&quot;:&quot;&quot;,&quot;focal_length&quot;:&quot;16&quot;,&quot;iso&quot;:&quot;100&quot;,&quot;shutter_speed&quot;:&quot;0.0166666666667&quot;,&quot;title&quot;:&quot;&quot;,&quot;orientation&quot;:&quot;0&quot;}\" data-image-title=\"The colourful windows of Sagrada Fam\u00edlia\" data-image-description=\"\" data-image-caption=\"\" data-large-file=\"https:\/\/i0.wp.com\/mytraveljournal-blog.com\/wp-content\/uploads\/2022\/08\/DSC01335-scaled.jpg?fit=525%2C788&amp;ssl=1\" data-attachment-id=\"3848\" data-permalink=\"https:\/\/mytraveljournal-blog.com\/de\/visiting-gaudis-architecture\/dsc01335\/\" data-orig-file=\"https:\/\/i0.wp.com\/mytraveljournal-blog.com\/wp-content\/uploads\/2022\/08\/DSC01335-scaled.jpg?fit=1706%2C2560&amp;ssl=1\" data-orig-size=\"1706,2560\" data-comments-opened=\"1\" data-image-meta=\"{&quot;aperture&quot;:&quot;4&quot;,&quot;credit&quot;:&quot;&quot;,&quot;camera&quot;:&quot;ILCE-6000&quot;,&quot;caption&quot;:&quot;&quot;,&quot;created_timestamp&quot;:&quot;0&quot;,&quot;copyright&quot;:&quot;&quot;,&quot;focal_length&quot;:&quot;16&quot;,&quot;iso&quot;:&quot;100&quot;,&quot;shutter_speed&quot;:&quot;0.0166666666667&quot;,&quot;title&quot;:&quot;&quot;,&quot;orientation&quot;:&quot;0&quot;}\" data-image-title=\"The colourful windows of Sagrada Fam\u00edlia\" data-image-description=\"\" data-image-caption=\"\" data-large-file=\"https:\/\/i0.wp.com\/mytraveljournal-blog.com\/wp-content\/uploads\/2022\/08\/DSC01335-scaled.jpg?fit=525%2C788&amp;ssl=1\" role=\"button\" tabindex=\"0\" aria-label=\"Bild\u00a05 von 8 im Vollbildmodus \u00f6ffnen\"data-srcset=\"https:\/\/i0.wp.com\/mytraveljournal-blog.com\/wp-content\/uploads\/2022\/08\/DSC01335-682x1024.jpg?strip=info&#038;w=600&#038;ssl=1 600w,https:\/\/i0.wp.com\/mytraveljournal-blog.com\/wp-content\/uploads\/2022\/08\/DSC01335-682x1024.jpg?strip=info&#038;w=900&#038;ssl=1 900w,https:\/\/i0.wp.com\/mytraveljournal-blog.com\/wp-content\/uploads\/2022\/08\/DSC01335-682x1024.jpg?strip=info&#038;w=1200&#038;ssl=1 1200w,https:\/\/i0.wp.com\/mytraveljournal-blog.com\/wp-content\/uploads\/2022\/08\/DSC01335-682x1024.jpg?strip=info&#038;w=1500&#038;ssl=1 1500w,https:\/\/i0.wp.com\/mytraveljournal-blog.com\/wp-content\/uploads\/2022\/08\/DSC01335-682x1024.jpg?strip=info&#038;w=1706&#038;ssl=1 1706w\" alt=\"The colourful windows of Sagrada Fam\u00edlia\" data-height=\"2560\" data-id=\"3848\" data-link=\"https:\/\/mytraveljournal-blog.com\/?attachment_id=3848\" data-url=\"https:\/\/mytraveljournal-blog.com\/wp-content\/uploads\/2022\/08\/DSC01335-682x1024.jpg\" data-width=\"1706\" data-src=\"https:\/\/i0.wp.com\/mytraveljournal-blog.com\/wp-content\/uploads\/2022\/08\/DSC01335-682x1024.jpg?ssl=1\" data-amp-layout=\"responsive\" src=\"data:image\/svg+xml;base64,PHN2ZyB3aWR0aD0iMSIgaGVpZ2h0PSIxIiB4bWxucz0iaHR0cDovL3d3dy53My5vcmcvMjAwMC9zdmciPjwvc3ZnPg==\" class=\"lazyload\" style=\"--smush-placeholder-width: 682px; --smush-placeholder-aspect-ratio: 682\/1024;\" \/><\/figure><figure class=\"tiled-gallery__item\"><img decoding=\"async\" data-attachment-id=\"3850\" data-permalink=\"https:\/\/mytraveljournal-blog.com\/de\/visiting-gaudis-architecture\/dsc01357\/\" data-orig-file=\"https:\/\/i0.wp.com\/mytraveljournal-blog.com\/wp-content\/uploads\/2022\/08\/DSC01357-scaled.jpg?fit=1707%2C2560&amp;ssl=1\" data-orig-size=\"1707,2560\" data-comments-opened=\"1\" data-image-meta=\"{&quot;aperture&quot;:&quot;6.3&quot;,&quot;credit&quot;:&quot;&quot;,&quot;camera&quot;:&quot;ILCE-6000&quot;,&quot;caption&quot;:&quot;&quot;,&quot;created_timestamp&quot;:&quot;0&quot;,&quot;copyright&quot;:&quot;&quot;,&quot;focal_length&quot;:&quot;16&quot;,&quot;iso&quot;:&quot;100&quot;,&quot;shutter_speed&quot;:&quot;0.004&quot;,&quot;title&quot;:&quot;&quot;,&quot;orientation&quot;:&quot;0&quot;}\" data-image-title=\"Sagrada Fam\u00edlia\" data-image-description=\"\" data-image-caption=\"\" data-large-file=\"https:\/\/i0.wp.com\/mytraveljournal-blog.com\/wp-content\/uploads\/2022\/08\/DSC01357-scaled.jpg?fit=525%2C787&amp;ssl=1\" data-attachment-id=\"3850\" data-permalink=\"https:\/\/mytraveljournal-blog.com\/de\/visiting-gaudis-architecture\/dsc01357\/\" data-orig-file=\"https:\/\/i0.wp.com\/mytraveljournal-blog.com\/wp-content\/uploads\/2022\/08\/DSC01357-scaled.jpg?fit=1707%2C2560&amp;ssl=1\" data-orig-size=\"1707,2560\" data-comments-opened=\"1\" data-image-meta=\"{&quot;aperture&quot;:&quot;6.3&quot;,&quot;credit&quot;:&quot;&quot;,&quot;camera&quot;:&quot;ILCE-6000&quot;,&quot;caption&quot;:&quot;&quot;,&quot;created_timestamp&quot;:&quot;0&quot;,&quot;copyright&quot;:&quot;&quot;,&quot;focal_length&quot;:&quot;16&quot;,&quot;iso&quot;:&quot;100&quot;,&quot;shutter_speed&quot;:&quot;0.004&quot;,&quot;title&quot;:&quot;&quot;,&quot;orientation&quot;:&quot;0&quot;}\" data-image-title=\"Sagrada Fam\u00edlia\" data-image-description=\"\" data-image-caption=\"\" data-large-file=\"https:\/\/i0.wp.com\/mytraveljournal-blog.com\/wp-content\/uploads\/2022\/08\/DSC01357-scaled.jpg?fit=525%2C787&amp;ssl=1\" role=\"button\" tabindex=\"0\" aria-label=\"Bild\u00a06 von 8 im Vollbildmodus \u00f6ffnen\"data-srcset=\"https:\/\/i1.wp.com\/mytraveljournal-blog.com\/wp-content\/uploads\/2022\/08\/DSC01357-683x1024.jpg?strip=info&#038;w=600&#038;ssl=1 600w,https:\/\/i1.wp.com\/mytraveljournal-blog.com\/wp-content\/uploads\/2022\/08\/DSC01357-683x1024.jpg?strip=info&#038;w=900&#038;ssl=1 900w,https:\/\/i1.wp.com\/mytraveljournal-blog.com\/wp-content\/uploads\/2022\/08\/DSC01357-683x1024.jpg?strip=info&#038;w=1200&#038;ssl=1 1200w,https:\/\/i1.wp.com\/mytraveljournal-blog.com\/wp-content\/uploads\/2022\/08\/DSC01357-683x1024.jpg?strip=info&#038;w=1500&#038;ssl=1 1500w,https:\/\/i1.wp.com\/mytraveljournal-blog.com\/wp-content\/uploads\/2022\/08\/DSC01357-683x1024.jpg?strip=info&#038;w=1707&#038;ssl=1 1707w\" alt=\"Sagrada Fam\u00edlia\" data-height=\"2560\" data-id=\"3850\" data-link=\"https:\/\/mytraveljournal-blog.com\/?attachment_id=3850\" data-url=\"https:\/\/mytraveljournal-blog.com\/wp-content\/uploads\/2022\/08\/DSC01357-683x1024.jpg\" data-width=\"1707\" data-src=\"https:\/\/i1.wp.com\/mytraveljournal-blog.com\/wp-content\/uploads\/2022\/08\/DSC01357-683x1024.jpg?ssl=1\" data-amp-layout=\"responsive\" src=\"data:image\/svg+xml;base64,PHN2ZyB3aWR0aD0iMSIgaGVpZ2h0PSIxIiB4bWxucz0iaHR0cDovL3d3dy53My5vcmcvMjAwMC9zdmciPjwvc3ZnPg==\" class=\"lazyload\" style=\"--smush-placeholder-width: 683px; --smush-placeholder-aspect-ratio: 683\/1024;\" \/><\/figure><\/div><div class=\"tiled-gallery__col\" style=\"flex-basis:42.87560%\"><figure class=\"tiled-gallery__item\"><img decoding=\"async\" data-attachment-id=\"3847\" data-permalink=\"https:\/\/mytraveljournal-blog.com\/de\/visiting-gaudis-architecture\/dsc01331\/\" data-orig-file=\"https:\/\/i0.wp.com\/mytraveljournal-blog.com\/wp-content\/uploads\/2022\/08\/DSC01331-scaled.jpg?fit=1707%2C2560&amp;ssl=1\" data-orig-size=\"1707,2560\" data-comments-opened=\"1\" data-image-meta=\"{&quot;aperture&quot;:&quot;4&quot;,&quot;credit&quot;:&quot;&quot;,&quot;camera&quot;:&quot;ILCE-6000&quot;,&quot;caption&quot;:&quot;&quot;,&quot;created_timestamp&quot;:&quot;0&quot;,&quot;copyright&quot;:&quot;&quot;,&quot;focal_length&quot;:&quot;16&quot;,&quot;iso&quot;:&quot;800&quot;,&quot;shutter_speed&quot;:&quot;0.00625&quot;,&quot;title&quot;:&quot;&quot;,&quot;orientation&quot;:&quot;0&quot;}\" data-image-title=\"Inside of Sagrada Fam\u00edlia\" data-image-description=\"\" data-image-caption=\"\" data-large-file=\"https:\/\/i0.wp.com\/mytraveljournal-blog.com\/wp-content\/uploads\/2022\/08\/DSC01331-scaled.jpg?fit=525%2C787&amp;ssl=1\" data-attachment-id=\"3847\" data-permalink=\"https:\/\/mytraveljournal-blog.com\/de\/visiting-gaudis-architecture\/dsc01331\/\" data-orig-file=\"https:\/\/i0.wp.com\/mytraveljournal-blog.com\/wp-content\/uploads\/2022\/08\/DSC01331-scaled.jpg?fit=1707%2C2560&amp;ssl=1\" data-orig-size=\"1707,2560\" data-comments-opened=\"1\" data-image-meta=\"{&quot;aperture&quot;:&quot;4&quot;,&quot;credit&quot;:&quot;&quot;,&quot;camera&quot;:&quot;ILCE-6000&quot;,&quot;caption&quot;:&quot;&quot;,&quot;created_timestamp&quot;:&quot;0&quot;,&quot;copyright&quot;:&quot;&quot;,&quot;focal_length&quot;:&quot;16&quot;,&quot;iso&quot;:&quot;800&quot;,&quot;shutter_speed&quot;:&quot;0.00625&quot;,&quot;title&quot;:&quot;&quot;,&quot;orientation&quot;:&quot;0&quot;}\" data-image-title=\"Inside of Sagrada Fam\u00edlia\" data-image-description=\"\" data-image-caption=\"\" data-large-file=\"https:\/\/i0.wp.com\/mytraveljournal-blog.com\/wp-content\/uploads\/2022\/08\/DSC01331-scaled.jpg?fit=525%2C787&amp;ssl=1\" role=\"button\" tabindex=\"0\" aria-label=\"Bild\u00a07 von 8 im Vollbildmodus \u00f6ffnen\"data-srcset=\"https:\/\/i2.wp.com\/mytraveljournal-blog.com\/wp-content\/uploads\/2022\/08\/DSC01331-683x1024.jpg?strip=info&#038;w=600&#038;ssl=1 600w,https:\/\/i2.wp.com\/mytraveljournal-blog.com\/wp-content\/uploads\/2022\/08\/DSC01331-683x1024.jpg?strip=info&#038;w=900&#038;ssl=1 900w,https:\/\/i2.wp.com\/mytraveljournal-blog.com\/wp-content\/uploads\/2022\/08\/DSC01331-683x1024.jpg?strip=info&#038;w=1200&#038;ssl=1 1200w,https:\/\/i2.wp.com\/mytraveljournal-blog.com\/wp-content\/uploads\/2022\/08\/DSC01331-683x1024.jpg?strip=info&#038;w=1500&#038;ssl=1 1500w,https:\/\/i2.wp.com\/mytraveljournal-blog.com\/wp-content\/uploads\/2022\/08\/DSC01331-683x1024.jpg?strip=info&#038;w=1707&#038;ssl=1 1707w\" alt=\"Inside of Sagrada Fam\u00edlia\" data-height=\"2560\" data-id=\"3847\" data-link=\"https:\/\/mytraveljournal-blog.com\/?attachment_id=3847\" data-url=\"https:\/\/mytraveljournal-blog.com\/wp-content\/uploads\/2022\/08\/DSC01331-683x1024.jpg\" data-width=\"1707\" data-src=\"https:\/\/i2.wp.com\/mytraveljournal-blog.com\/wp-content\/uploads\/2022\/08\/DSC01331-683x1024.jpg?ssl=1\" data-amp-layout=\"responsive\" src=\"data:image\/svg+xml;base64,PHN2ZyB3aWR0aD0iMSIgaGVpZ2h0PSIxIiB4bWxucz0iaHR0cDovL3d3dy53My5vcmcvMjAwMC9zdmciPjwvc3ZnPg==\" class=\"lazyload\" style=\"--smush-placeholder-width: 683px; --smush-placeholder-aspect-ratio: 683\/1024;\" \/><\/figure><figure class=\"tiled-gallery__item\"><img decoding=\"async\" data-attachment-id=\"3851\" data-permalink=\"https:\/\/mytraveljournal-blog.com\/de\/visiting-gaudis-architecture\/dsc01367\/\" data-orig-file=\"https:\/\/i0.wp.com\/mytraveljournal-blog.com\/wp-content\/uploads\/2022\/08\/DSC01367-scaled.jpg?fit=1707%2C2560&amp;ssl=1\" data-orig-size=\"1707,2560\" data-comments-opened=\"1\" data-image-meta=\"{&quot;aperture&quot;:&quot;4&quot;,&quot;credit&quot;:&quot;&quot;,&quot;camera&quot;:&quot;ILCE-6000&quot;,&quot;caption&quot;:&quot;&quot;,&quot;created_timestamp&quot;:&quot;0&quot;,&quot;copyright&quot;:&quot;&quot;,&quot;focal_length&quot;:&quot;16&quot;,&quot;iso&quot;:&quot;1600&quot;,&quot;shutter_speed&quot;:&quot;0.00625&quot;,&quot;title&quot;:&quot;&quot;,&quot;orientation&quot;:&quot;0&quot;}\" data-image-title=\"Inside of Sagrada Fam\u00edlia\" data-image-description=\"\" data-image-caption=\"\" data-large-file=\"https:\/\/i0.wp.com\/mytraveljournal-blog.com\/wp-content\/uploads\/2022\/08\/DSC01367-scaled.jpg?fit=525%2C787&amp;ssl=1\" data-attachment-id=\"3851\" data-permalink=\"https:\/\/mytraveljournal-blog.com\/de\/visiting-gaudis-architecture\/dsc01367\/\" data-orig-file=\"https:\/\/i0.wp.com\/mytraveljournal-blog.com\/wp-content\/uploads\/2022\/08\/DSC01367-scaled.jpg?fit=1707%2C2560&amp;ssl=1\" data-orig-size=\"1707,2560\" data-comments-opened=\"1\" data-image-meta=\"{&quot;aperture&quot;:&quot;4&quot;,&quot;credit&quot;:&quot;&quot;,&quot;camera&quot;:&quot;ILCE-6000&quot;,&quot;caption&quot;:&quot;&quot;,&quot;created_timestamp&quot;:&quot;0&quot;,&quot;copyright&quot;:&quot;&quot;,&quot;focal_length&quot;:&quot;16&quot;,&quot;iso&quot;:&quot;1600&quot;,&quot;shutter_speed&quot;:&quot;0.00625&quot;,&quot;title&quot;:&quot;&quot;,&quot;orientation&quot;:&quot;0&quot;}\" data-image-title=\"Inside of Sagrada Fam\u00edlia\" data-image-description=\"\" data-image-caption=\"\" data-large-file=\"https:\/\/i0.wp.com\/mytraveljournal-blog.com\/wp-content\/uploads\/2022\/08\/DSC01367-scaled.jpg?fit=525%2C787&amp;ssl=1\" role=\"button\" tabindex=\"0\" aria-label=\"Bild\u00a08 von 8 im Vollbildmodus \u00f6ffnen\"data-srcset=\"https:\/\/i0.wp.com\/mytraveljournal-blog.com\/wp-content\/uploads\/2022\/08\/DSC01367-683x1024.jpg?strip=info&#038;w=600&#038;ssl=1 600w,https:\/\/i0.wp.com\/mytraveljournal-blog.com\/wp-content\/uploads\/2022\/08\/DSC01367-683x1024.jpg?strip=info&#038;w=900&#038;ssl=1 900w,https:\/\/i0.wp.com\/mytraveljournal-blog.com\/wp-content\/uploads\/2022\/08\/DSC01367-683x1024.jpg?strip=info&#038;w=1200&#038;ssl=1 1200w,https:\/\/i0.wp.com\/mytraveljournal-blog.com\/wp-content\/uploads\/2022\/08\/DSC01367-683x1024.jpg?strip=info&#038;w=1500&#038;ssl=1 1500w,https:\/\/i0.wp.com\/mytraveljournal-blog.com\/wp-content\/uploads\/2022\/08\/DSC01367-683x1024.jpg?strip=info&#038;w=1707&#038;ssl=1 1707w\" alt=\"Inside of Sagrada Fam\u00edlia\" data-height=\"2560\" data-id=\"3851\" data-link=\"https:\/\/mytraveljournal-blog.com\/?attachment_id=3851\" data-url=\"https:\/\/mytraveljournal-blog.com\/wp-content\/uploads\/2022\/08\/DSC01367-683x1024.jpg\" data-width=\"1707\" data-src=\"https:\/\/i0.wp.com\/mytraveljournal-blog.com\/wp-content\/uploads\/2022\/08\/DSC01367-683x1024.jpg?ssl=1\" data-amp-layout=\"responsive\" src=\"data:image\/svg+xml;base64,PHN2ZyB3aWR0aD0iMSIgaGVpZ2h0PSIxIiB4bWxucz0iaHR0cDovL3d3dy53My5vcmcvMjAwMC9zdmciPjwvc3ZnPg==\" class=\"lazyload\" style=\"--smush-placeholder-width: 683px; --smush-placeholder-aspect-ratio: 683\/1024;\" \/><\/figure><\/div><\/div><\/div><\/div>\n\n\n\n<p><\/p>\n\n\n\n<p><\/p>\n\n\n\n<p><\/p>\n\n\n\n<h5 class=\"wp-block-heading\"><span class=\"ez-toc-section\" id=\"Casa_Vicens_1883-1885\"><\/span>Casa Vicens (1883-1885)<span class=\"ez-toc-section-end\"><\/span><\/h5>\n\n\n\n<p>Eintrittspreis: 18 Euro<\/p>\n\n\n<div class=\"wp-block-image is-style-default\">\n<figure class=\"alignleft size-thumbnail\"><a href=\"https:\/\/i0.wp.com\/mytraveljournal-blog.com\/wp-content\/uploads\/2022\/08\/05-Casa-Vicens-scaled.jpg?ssl=1\" target=\"_blank\" rel=\"noreferrer noopener\"><img data-recalc-dims=\"1\" decoding=\"async\" width=\"150\" height=\"150\" data-attachment-id=\"3830\" data-permalink=\"https:\/\/mytraveljournal-blog.com\/de\/visiting-gaudis-architecture\/05-casa-vicens\/\" data-orig-file=\"https:\/\/i0.wp.com\/mytraveljournal-blog.com\/wp-content\/uploads\/2022\/08\/05-Casa-Vicens-scaled.jpg?fit=1706%2C2560&amp;ssl=1\" data-orig-size=\"1706,2560\" data-comments-opened=\"1\" data-image-meta=\"{&quot;aperture&quot;:&quot;8&quot;,&quot;credit&quot;:&quot;&quot;,&quot;camera&quot;:&quot;ILCE-6000&quot;,&quot;caption&quot;:&quot;&quot;,&quot;created_timestamp&quot;:&quot;0&quot;,&quot;copyright&quot;:&quot;&quot;,&quot;focal_length&quot;:&quot;16&quot;,&quot;iso&quot;:&quot;100&quot;,&quot;shutter_speed&quot;:&quot;0.0125&quot;,&quot;title&quot;:&quot;&quot;,&quot;orientation&quot;:&quot;0&quot;}\" data-image-title=\"Casa Vicens\" data-image-description=\"\" data-image-caption=\"\" data-large-file=\"https:\/\/i0.wp.com\/mytraveljournal-blog.com\/wp-content\/uploads\/2022\/08\/05-Casa-Vicens-scaled.jpg?fit=525%2C787&amp;ssl=1\" data-src=\"https:\/\/i0.wp.com\/mytraveljournal-blog.com\/wp-content\/uploads\/2022\/08\/05-Casa-Vicens.jpg?resize=150%2C150&#038;ssl=1\" alt=\"The facade of Casa Vicens\" class=\"wp-image-3830 lazyload\" data-srcset=\"https:\/\/i0.wp.com\/mytraveljournal-blog.com\/wp-content\/uploads\/2022\/08\/05-Casa-Vicens-scaled.jpg?resize=150%2C150&amp;ssl=1 150w, https:\/\/i0.wp.com\/mytraveljournal-blog.com\/wp-content\/uploads\/2022\/08\/05-Casa-Vicens-scaled.jpg?resize=100%2C100&amp;ssl=1 100w, https:\/\/i0.wp.com\/mytraveljournal-blog.com\/wp-content\/uploads\/2022\/08\/05-Casa-Vicens-scaled.jpg?zoom=2&amp;resize=150%2C150&amp;ssl=1 300w, https:\/\/i0.wp.com\/mytraveljournal-blog.com\/wp-content\/uploads\/2022\/08\/05-Casa-Vicens-scaled.jpg?zoom=3&amp;resize=150%2C150&amp;ssl=1 450w\" data-sizes=\"(max-width: 150px) 100vw, 150px\" src=\"data:image\/svg+xml;base64,PHN2ZyB3aWR0aD0iMSIgaGVpZ2h0PSIxIiB4bWxucz0iaHR0cDovL3d3dy53My5vcmcvMjAwMC9zdmciPjwvc3ZnPg==\" style=\"--smush-placeholder-width: 150px; --smush-placeholder-aspect-ratio: 150\/150;\" \/><\/a><\/figure>\n<\/div>\n\n\n<p><strong>Casa Vicens <\/strong>war<strong> das erste Projekt Gaud\u00eds<\/strong>, welches er entworfen und gebaut hat. Es wurde <strong>1885 fertiggestellt<\/strong> und diente der Familie von Manuel Vicens als <strong>Sommerhaus<\/strong>. Sp\u00e4ter wurde das Haus unter anderem von Joan Baptista Serra de Mart\u00ednez weiter ausgebaut, dessen Erweiterung Gaud\u00eds urspr\u00fcnglichem Stil folgte. Casa Vicens befindet sich in der Nachbarschaft von Gr\u00e0cia. Um Gaud\u00eds Haus der \u00d6ffentlichkeit zug\u00e4nglich zu machen, errichtete das Museum anstelle des Originals eine moderne Treppe, um die R\u00e4ume miteinander zu verbinden. Wenn du Casa Vicens besuchst, kannst&nbsp; du zuerst <strong>die ersten beiden Stockwerke mit den R\u00e4umen erkunden, wie Gaud\u00ed sie urspr\u00fcnglich gestaltet hatte<\/strong>, bevor du <strong>mehr \u00fcber die verschiedenen anderen Werke i<\/strong>m dritten Stock erfahren kannst.<\/p>\n\n\n\n<figure class=\"wp-block-image size-large is-style-default\"><a href=\"https:\/\/i0.wp.com\/mytraveljournal-blog.com\/wp-content\/uploads\/2022\/08\/DSC01495-scaled.jpg?ssl=1\" target=\"_blank\" rel=\"noreferrer noopener\"><img data-recalc-dims=\"1\" decoding=\"async\" width=\"525\" height=\"350\" data-attachment-id=\"3858\" data-permalink=\"https:\/\/mytraveljournal-blog.com\/de\/visiting-gaudis-architecture\/dsc01495\/\" data-orig-file=\"https:\/\/i0.wp.com\/mytraveljournal-blog.com\/wp-content\/uploads\/2022\/08\/DSC01495-scaled.jpg?fit=2560%2C1707&amp;ssl=1\" data-orig-size=\"2560,1707\" data-comments-opened=\"1\" data-image-meta=\"{&quot;aperture&quot;:&quot;4.5&quot;,&quot;credit&quot;:&quot;&quot;,&quot;camera&quot;:&quot;ILCE-6000&quot;,&quot;caption&quot;:&quot;&quot;,&quot;created_timestamp&quot;:&quot;0&quot;,&quot;copyright&quot;:&quot;&quot;,&quot;focal_length&quot;:&quot;16&quot;,&quot;iso&quot;:&quot;100&quot;,&quot;shutter_speed&quot;:&quot;0.0166666666667&quot;,&quot;title&quot;:&quot;&quot;,&quot;orientation&quot;:&quot;0&quot;}\" data-image-title=\"The terrace of Casa Vicens\" data-image-description=\"\" data-image-caption=\"\" data-large-file=\"https:\/\/i0.wp.com\/mytraveljournal-blog.com\/wp-content\/uploads\/2022\/08\/DSC01495-scaled.jpg?fit=525%2C350&amp;ssl=1\" data-src=\"https:\/\/i0.wp.com\/mytraveljournal-blog.com\/wp-content\/uploads\/2022\/08\/DSC01495.jpg?resize=525%2C350&#038;ssl=1\" alt=\"The terrace of Casa Vicens\" class=\"wp-image-3858 lazyload\" data-srcset=\"https:\/\/i0.wp.com\/mytraveljournal-blog.com\/wp-content\/uploads\/2022\/08\/DSC01495-scaled.jpg?resize=1024%2C683&amp;ssl=1 1024w, https:\/\/i0.wp.com\/mytraveljournal-blog.com\/wp-content\/uploads\/2022\/08\/DSC01495-scaled.jpg?resize=300%2C200&amp;ssl=1 300w, https:\/\/i0.wp.com\/mytraveljournal-blog.com\/wp-content\/uploads\/2022\/08\/DSC01495-scaled.jpg?resize=768%2C512&amp;ssl=1 768w, https:\/\/i0.wp.com\/mytraveljournal-blog.com\/wp-content\/uploads\/2022\/08\/DSC01495-scaled.jpg?resize=1536%2C1024&amp;ssl=1 1536w, https:\/\/i0.wp.com\/mytraveljournal-blog.com\/wp-content\/uploads\/2022\/08\/DSC01495-scaled.jpg?resize=2048%2C1365&amp;ssl=1 2048w, https:\/\/i0.wp.com\/mytraveljournal-blog.com\/wp-content\/uploads\/2022\/08\/DSC01495-scaled.jpg?resize=272%2C182&amp;ssl=1 272w\" data-sizes=\"(max-width: 767px) 89vw, (max-width: 1000px) 54vw, (max-width: 1071px) 543px, 580px\" src=\"data:image\/svg+xml;base64,PHN2ZyB3aWR0aD0iMSIgaGVpZ2h0PSIxIiB4bWxucz0iaHR0cDovL3d3dy53My5vcmcvMjAwMC9zdmciPjwvc3ZnPg==\" style=\"--smush-placeholder-width: 525px; --smush-placeholder-aspect-ratio: 525\/350;\" \/><\/a><figcaption>Die Terrasse von Casa Vicens<\/figcaption><\/figure>\n\n\n\n<h6 class=\"wp-block-heading\"><span class=\"ez-toc-section\" id=\"Mein_erster_Eindruck-3\"><\/span>Mein erster Eindruck<span class=\"ez-toc-section-end\"><\/span><\/h6>\n\n\n<div class=\"wp-block-image is-style-default\">\n<figure class=\"alignleft size-thumbnail\"><a href=\"https:\/\/i0.wp.com\/mytraveljournal-blog.com\/wp-content\/uploads\/2022\/08\/DSC_2747-scaled.jpg?ssl=1\" target=\"_blank\" rel=\"noreferrer noopener\"><img data-recalc-dims=\"1\" decoding=\"async\" width=\"150\" height=\"150\" data-attachment-id=\"3856\" data-permalink=\"https:\/\/mytraveljournal-blog.com\/de\/visiting-gaudis-architecture\/dsc_2747\/\" data-orig-file=\"https:\/\/i0.wp.com\/mytraveljournal-blog.com\/wp-content\/uploads\/2022\/08\/DSC_2747-scaled.jpg?fit=1706%2C2560&amp;ssl=1\" data-orig-size=\"1706,2560\" data-comments-opened=\"1\" data-image-meta=\"{&quot;aperture&quot;:&quot;2&quot;,&quot;credit&quot;:&quot;&quot;,&quot;camera&quot;:&quot;G8341&quot;,&quot;caption&quot;:&quot;&quot;,&quot;created_timestamp&quot;:&quot;0&quot;,&quot;copyright&quot;:&quot;&quot;,&quot;focal_length&quot;:&quot;4.4&quot;,&quot;iso&quot;:&quot;500&quot;,&quot;shutter_speed&quot;:&quot;0.02&quot;,&quot;title&quot;:&quot;&quot;,&quot;orientation&quot;:&quot;0&quot;}\" data-image-title=\"The smoking room of Casa Vicens\" data-image-description=\"\" data-image-caption=\"\" data-large-file=\"https:\/\/i0.wp.com\/mytraveljournal-blog.com\/wp-content\/uploads\/2022\/08\/DSC_2747-scaled.jpg?fit=525%2C787&amp;ssl=1\" data-src=\"https:\/\/i0.wp.com\/mytraveljournal-blog.com\/wp-content\/uploads\/2022\/08\/DSC_2747.jpg?resize=150%2C150&#038;ssl=1\" alt=\"The smoking room of Casa Vicens\" class=\"wp-image-3856 lazyload\" data-srcset=\"https:\/\/i0.wp.com\/mytraveljournal-blog.com\/wp-content\/uploads\/2022\/08\/DSC_2747-scaled.jpg?resize=150%2C150&amp;ssl=1 150w, https:\/\/i0.wp.com\/mytraveljournal-blog.com\/wp-content\/uploads\/2022\/08\/DSC_2747-scaled.jpg?resize=100%2C100&amp;ssl=1 100w, https:\/\/i0.wp.com\/mytraveljournal-blog.com\/wp-content\/uploads\/2022\/08\/DSC_2747-scaled.jpg?zoom=2&amp;resize=150%2C150&amp;ssl=1 300w, https:\/\/i0.wp.com\/mytraveljournal-blog.com\/wp-content\/uploads\/2022\/08\/DSC_2747-scaled.jpg?zoom=3&amp;resize=150%2C150&amp;ssl=1 450w\" data-sizes=\"(max-width: 150px) 100vw, 150px\" src=\"data:image\/svg+xml;base64,PHN2ZyB3aWR0aD0iMSIgaGVpZ2h0PSIxIiB4bWxucz0iaHR0cDovL3d3dy53My5vcmcvMjAwMC9zdmciPjwvc3ZnPg==\" style=\"--smush-placeholder-width: 150px; --smush-placeholder-aspect-ratio: 150\/150;\" \/><\/a><figcaption>Der Raucherraum des Casa Vicens<\/figcaption><\/figure>\n<\/div>\n\n\n<p>Das Haus selbst ist einfach nur sch\u00f6n mit seinen Farben und zahlreichen Ornamenten. Besonders der erste Stock machte einfach nur Spa\u00df zu erkunden. Ich liebe die <strong>Decken, die gr\u00f6\u00dftenteils mit verschiedenen Blumen verziert<\/strong> sind. Die <strong>Terrasse<\/strong> und das <strong>Raucherzimmer<\/strong> waren <strong>meine Lieblingsr\u00e4ume<\/strong>. Der gesamte Besuch einschlie\u00dflich Audioguide, Fotos machen und Ansehen eines Videos \u00fcber das Haus dauerte etwa 1,5 Stunden.<\/p>\n\n\n\n<h6 class=\"wp-block-heading\"><span class=\"ez-toc-section\" id=\"Lohnt_es_sich-3\"><\/span>Lohnt es sich?<span class=\"ez-toc-section-end\"><\/span><\/h6>\n\n\n<div class=\"wp-block-image is-style-default\">\n<figure class=\"alignright size-thumbnail\"><a href=\"https:\/\/i0.wp.com\/mytraveljournal-blog.com\/wp-content\/uploads\/2022\/08\/DSC01528-scaled.jpg?ssl=1\" target=\"_blank\" rel=\"noreferrer noopener\"><img data-recalc-dims=\"1\" decoding=\"async\" width=\"150\" height=\"150\" data-attachment-id=\"3857\" data-permalink=\"https:\/\/mytraveljournal-blog.com\/de\/visiting-gaudis-architecture\/dsc01528\/\" data-orig-file=\"https:\/\/i0.wp.com\/mytraveljournal-blog.com\/wp-content\/uploads\/2022\/08\/DSC01528-scaled.jpg?fit=1707%2C2560&amp;ssl=1\" data-orig-size=\"1707,2560\" data-comments-opened=\"1\" data-image-meta=\"{&quot;aperture&quot;:&quot;3.5&quot;,&quot;credit&quot;:&quot;&quot;,&quot;camera&quot;:&quot;ILCE-6000&quot;,&quot;caption&quot;:&quot;&quot;,&quot;created_timestamp&quot;:&quot;0&quot;,&quot;copyright&quot;:&quot;&quot;,&quot;focal_length&quot;:&quot;16&quot;,&quot;iso&quot;:&quot;3200&quot;,&quot;shutter_speed&quot;:&quot;0.0125&quot;,&quot;title&quot;:&quot;&quot;,&quot;orientation&quot;:&quot;0&quot;}\" data-image-title=\"The ceiling of the lady\u2019s room\" data-image-description=\"\" data-image-caption=\"\" data-large-file=\"https:\/\/i0.wp.com\/mytraveljournal-blog.com\/wp-content\/uploads\/2022\/08\/DSC01528-scaled.jpg?fit=525%2C787&amp;ssl=1\" data-src=\"https:\/\/i0.wp.com\/mytraveljournal-blog.com\/wp-content\/uploads\/2022\/08\/DSC01528.jpg?resize=150%2C150&#038;ssl=1\" alt=\"The ceiling of the lady\u2019s room\" class=\"wp-image-3857 lazyload\" data-srcset=\"https:\/\/i0.wp.com\/mytraveljournal-blog.com\/wp-content\/uploads\/2022\/08\/DSC01528-scaled.jpg?resize=150%2C150&amp;ssl=1 150w, https:\/\/i0.wp.com\/mytraveljournal-blog.com\/wp-content\/uploads\/2022\/08\/DSC01528-scaled.jpg?resize=100%2C100&amp;ssl=1 100w, https:\/\/i0.wp.com\/mytraveljournal-blog.com\/wp-content\/uploads\/2022\/08\/DSC01528-scaled.jpg?zoom=2&amp;resize=150%2C150&amp;ssl=1 300w, https:\/\/i0.wp.com\/mytraveljournal-blog.com\/wp-content\/uploads\/2022\/08\/DSC01528-scaled.jpg?zoom=3&amp;resize=150%2C150&amp;ssl=1 450w\" data-sizes=\"(max-width: 150px) 100vw, 150px\" src=\"data:image\/svg+xml;base64,PHN2ZyB3aWR0aD0iMSIgaGVpZ2h0PSIxIiB4bWxucz0iaHR0cDovL3d3dy53My5vcmcvMjAwMC9zdmciPjwvc3ZnPg==\" style=\"--smush-placeholder-width: 150px; --smush-placeholder-aspect-ratio: 150\/150;\" \/><\/a><figcaption>Die Decke des Damenzimmers<\/figcaption><\/figure>\n<\/div>\n\n\n<p>Ehrlich gesagt ist der <strong>Eintrittspreis vergleichsweise hoch<\/strong>. Das Haus ist zwar auch von innen sch\u00f6n anzusehen, aber nachdem ich ein paar Tage zuvor schon im Casa Batll\u00f3 war, war dieses hier eher schlicht und <strong>weniger spektakul\u00e4r<\/strong>. Ich bereue den Besuch \u00fcberhaupt nicht, besonders<strong> der Garten<\/strong>, aber auch <strong>die Eingangshalle<\/strong>, <strong>die Terrasse<\/strong>, <strong>das Raucherzimmer <\/strong>und <strong>das Damenzimmer <\/strong>warteten mit sch\u00f6ner Architektur und vielen Details auf. Aber ehrlich gesagt, wenn du Low Budget reist oder einfach nicht so viel Zeit mitbringst, <strong>kannst du dieses wahrscheinlich auch \u00fcberspringen<\/strong>, da es weniger ungew\u00f6hnlich ist.<\/p>\n\n\n\n<div class=\"wp-block-jetpack-tiled-gallery aligncenter is-style-rectangular\"><div class=\"tiled-gallery__gallery\"><div class=\"tiled-gallery__row\"><div class=\"tiled-gallery__col\" style=\"flex-basis:25.00365%\"><figure class=\"tiled-gallery__item\"><img decoding=\"async\" data-attachment-id=\"3859\" data-permalink=\"https:\/\/mytraveljournal-blog.com\/de\/visiting-gaudis-architecture\/dsc01459\/\" data-orig-file=\"https:\/\/i0.wp.com\/mytraveljournal-blog.com\/wp-content\/uploads\/2022\/08\/DSC01459-scaled.jpg?fit=1707%2C2560&amp;ssl=1\" data-orig-size=\"1707,2560\" data-comments-opened=\"1\" data-image-meta=\"{&quot;aperture&quot;:&quot;8&quot;,&quot;credit&quot;:&quot;&quot;,&quot;camera&quot;:&quot;ILCE-6000&quot;,&quot;caption&quot;:&quot;&quot;,&quot;created_timestamp&quot;:&quot;0&quot;,&quot;copyright&quot;:&quot;&quot;,&quot;focal_length&quot;:&quot;20&quot;,&quot;iso&quot;:&quot;100&quot;,&quot;shutter_speed&quot;:&quot;0.0125&quot;,&quot;title&quot;:&quot;&quot;,&quot;orientation&quot;:&quot;0&quot;}\" data-image-title=\"In the garden of Casa Vicens\" data-image-description=\"\" data-image-caption=\"\" data-large-file=\"https:\/\/i0.wp.com\/mytraveljournal-blog.com\/wp-content\/uploads\/2022\/08\/DSC01459-scaled.jpg?fit=525%2C787&amp;ssl=1\" data-attachment-id=\"3859\" data-permalink=\"https:\/\/mytraveljournal-blog.com\/de\/visiting-gaudis-architecture\/dsc01459\/\" data-orig-file=\"https:\/\/i0.wp.com\/mytraveljournal-blog.com\/wp-content\/uploads\/2022\/08\/DSC01459-scaled.jpg?fit=1707%2C2560&amp;ssl=1\" data-orig-size=\"1707,2560\" data-comments-opened=\"1\" data-image-meta=\"{&quot;aperture&quot;:&quot;8&quot;,&quot;credit&quot;:&quot;&quot;,&quot;camera&quot;:&quot;ILCE-6000&quot;,&quot;caption&quot;:&quot;&quot;,&quot;created_timestamp&quot;:&quot;0&quot;,&quot;copyright&quot;:&quot;&quot;,&quot;focal_length&quot;:&quot;20&quot;,&quot;iso&quot;:&quot;100&quot;,&quot;shutter_speed&quot;:&quot;0.0125&quot;,&quot;title&quot;:&quot;&quot;,&quot;orientation&quot;:&quot;0&quot;}\" data-image-title=\"In the garden of Casa Vicens\" data-image-description=\"\" data-image-caption=\"\" data-large-file=\"https:\/\/i0.wp.com\/mytraveljournal-blog.com\/wp-content\/uploads\/2022\/08\/DSC01459-scaled.jpg?fit=525%2C787&amp;ssl=1\" role=\"button\" tabindex=\"0\" aria-label=\"Bild\u00a01 von 9 im Vollbildmodus \u00f6ffnen\"data-srcset=\"https:\/\/i2.wp.com\/mytraveljournal-blog.com\/wp-content\/uploads\/2022\/08\/DSC01459-683x1024.jpg?strip=info&#038;w=600&#038;ssl=1 600w,https:\/\/i2.wp.com\/mytraveljournal-blog.com\/wp-content\/uploads\/2022\/08\/DSC01459-683x1024.jpg?strip=info&#038;w=900&#038;ssl=1 900w,https:\/\/i2.wp.com\/mytraveljournal-blog.com\/wp-content\/uploads\/2022\/08\/DSC01459-683x1024.jpg?strip=info&#038;w=1200&#038;ssl=1 1200w,https:\/\/i2.wp.com\/mytraveljournal-blog.com\/wp-content\/uploads\/2022\/08\/DSC01459-683x1024.jpg?strip=info&#038;w=1500&#038;ssl=1 1500w,https:\/\/i2.wp.com\/mytraveljournal-blog.com\/wp-content\/uploads\/2022\/08\/DSC01459-683x1024.jpg?strip=info&#038;w=1707&#038;ssl=1 1707w\" alt=\"In the garden of Casa Vicens\" data-height=\"2560\" data-id=\"3859\" data-link=\"https:\/\/mytraveljournal-blog.com\/?attachment_id=3859\" data-url=\"https:\/\/mytraveljournal-blog.com\/wp-content\/uploads\/2022\/08\/DSC01459-683x1024.jpg\" data-width=\"1707\" data-src=\"https:\/\/i2.wp.com\/mytraveljournal-blog.com\/wp-content\/uploads\/2022\/08\/DSC01459-683x1024.jpg?ssl=1\" data-amp-layout=\"responsive\" src=\"data:image\/svg+xml;base64,PHN2ZyB3aWR0aD0iMSIgaGVpZ2h0PSIxIiB4bWxucz0iaHR0cDovL3d3dy53My5vcmcvMjAwMC9zdmciPjwvc3ZnPg==\" class=\"lazyload\" style=\"--smush-placeholder-width: 683px; --smush-placeholder-aspect-ratio: 683\/1024;\" \/><\/figure><\/div><div class=\"tiled-gallery__col\" style=\"flex-basis:24.98906%\"><figure class=\"tiled-gallery__item\"><img decoding=\"async\" data-attachment-id=\"3861\" data-permalink=\"https:\/\/mytraveljournal-blog.com\/de\/visiting-gaudis-architecture\/dsc01477\/\" data-orig-file=\"https:\/\/i0.wp.com\/mytraveljournal-blog.com\/wp-content\/uploads\/2022\/08\/DSC01477-scaled.jpg?fit=1706%2C2560&amp;ssl=1\" data-orig-size=\"1706,2560\" data-comments-opened=\"1\" data-image-meta=\"{&quot;aperture&quot;:&quot;4.5&quot;,&quot;credit&quot;:&quot;&quot;,&quot;camera&quot;:&quot;ILCE-6000&quot;,&quot;caption&quot;:&quot;&quot;,&quot;created_timestamp&quot;:&quot;0&quot;,&quot;copyright&quot;:&quot;&quot;,&quot;focal_length&quot;:&quot;27&quot;,&quot;iso&quot;:&quot;1600&quot;,&quot;shutter_speed&quot;:&quot;0.0166666666667&quot;,&quot;title&quot;:&quot;&quot;,&quot;orientation&quot;:&quot;0&quot;}\" data-image-title=\"The entrance of Casa Vicens\" data-image-description=\"\" data-image-caption=\"\" data-large-file=\"https:\/\/i0.wp.com\/mytraveljournal-blog.com\/wp-content\/uploads\/2022\/08\/DSC01477-scaled.jpg?fit=525%2C787&amp;ssl=1\" data-attachment-id=\"3861\" data-permalink=\"https:\/\/mytraveljournal-blog.com\/de\/visiting-gaudis-architecture\/dsc01477\/\" data-orig-file=\"https:\/\/i0.wp.com\/mytraveljournal-blog.com\/wp-content\/uploads\/2022\/08\/DSC01477-scaled.jpg?fit=1706%2C2560&amp;ssl=1\" data-orig-size=\"1706,2560\" data-comments-opened=\"1\" data-image-meta=\"{&quot;aperture&quot;:&quot;4.5&quot;,&quot;credit&quot;:&quot;&quot;,&quot;camera&quot;:&quot;ILCE-6000&quot;,&quot;caption&quot;:&quot;&quot;,&quot;created_timestamp&quot;:&quot;0&quot;,&quot;copyright&quot;:&quot;&quot;,&quot;focal_length&quot;:&quot;27&quot;,&quot;iso&quot;:&quot;1600&quot;,&quot;shutter_speed&quot;:&quot;0.0166666666667&quot;,&quot;title&quot;:&quot;&quot;,&quot;orientation&quot;:&quot;0&quot;}\" data-image-title=\"The entrance of Casa Vicens\" data-image-description=\"\" data-image-caption=\"\" data-large-file=\"https:\/\/i0.wp.com\/mytraveljournal-blog.com\/wp-content\/uploads\/2022\/08\/DSC01477-scaled.jpg?fit=525%2C787&amp;ssl=1\" role=\"button\" tabindex=\"0\" aria-label=\"Bild\u00a02 von 9 im Vollbildmodus \u00f6ffnen\"data-srcset=\"https:\/\/i0.wp.com\/mytraveljournal-blog.com\/wp-content\/uploads\/2022\/08\/DSC01477-683x1024.jpg?strip=info&#038;w=600&#038;ssl=1 600w,https:\/\/i0.wp.com\/mytraveljournal-blog.com\/wp-content\/uploads\/2022\/08\/DSC01477-683x1024.jpg?strip=info&#038;w=900&#038;ssl=1 900w,https:\/\/i0.wp.com\/mytraveljournal-blog.com\/wp-content\/uploads\/2022\/08\/DSC01477-683x1024.jpg?strip=info&#038;w=1200&#038;ssl=1 1200w,https:\/\/i0.wp.com\/mytraveljournal-blog.com\/wp-content\/uploads\/2022\/08\/DSC01477-683x1024.jpg?strip=info&#038;w=1500&#038;ssl=1 1500w,https:\/\/i0.wp.com\/mytraveljournal-blog.com\/wp-content\/uploads\/2022\/08\/DSC01477-683x1024.jpg?strip=info&#038;w=1706&#038;ssl=1 1706w\" alt=\"The entrance of Casa Vicens\" data-height=\"2560\" data-id=\"3861\" data-link=\"https:\/\/mytraveljournal-blog.com\/?attachment_id=3861\" data-url=\"https:\/\/mytraveljournal-blog.com\/wp-content\/uploads\/2022\/08\/DSC01477-683x1024.jpg\" data-width=\"1706\" data-src=\"https:\/\/i0.wp.com\/mytraveljournal-blog.com\/wp-content\/uploads\/2022\/08\/DSC01477-683x1024.jpg?ssl=1\" data-amp-layout=\"responsive\" src=\"data:image\/svg+xml;base64,PHN2ZyB3aWR0aD0iMSIgaGVpZ2h0PSIxIiB4bWxucz0iaHR0cDovL3d3dy53My5vcmcvMjAwMC9zdmciPjwvc3ZnPg==\" class=\"lazyload\" style=\"--smush-placeholder-width: 683px; --smush-placeholder-aspect-ratio: 683\/1024;\" \/><\/figure><\/div><div class=\"tiled-gallery__col\" style=\"flex-basis:25.00365%\"><figure class=\"tiled-gallery__item\"><img decoding=\"async\" data-attachment-id=\"3866\" data-permalink=\"https:\/\/mytraveljournal-blog.com\/de\/visiting-gaudis-architecture\/dsc01532\/\" data-orig-file=\"https:\/\/i0.wp.com\/mytraveljournal-blog.com\/wp-content\/uploads\/2022\/08\/DSC01532-scaled.jpg?fit=1707%2C2560&amp;ssl=1\" data-orig-size=\"1707,2560\" data-comments-opened=\"1\" data-image-meta=\"{&quot;aperture&quot;:&quot;3.5&quot;,&quot;credit&quot;:&quot;&quot;,&quot;camera&quot;:&quot;ILCE-6000&quot;,&quot;caption&quot;:&quot;&quot;,&quot;created_timestamp&quot;:&quot;0&quot;,&quot;copyright&quot;:&quot;&quot;,&quot;focal_length&quot;:&quot;16&quot;,&quot;iso&quot;:&quot;3200&quot;,&quot;shutter_speed&quot;:&quot;0.01&quot;,&quot;title&quot;:&quot;&quot;,&quot;orientation&quot;:&quot;0&quot;}\" data-image-title=\"The ceiling of the lady\u2019s room\" data-image-description=\"\" data-image-caption=\"\" data-large-file=\"https:\/\/i0.wp.com\/mytraveljournal-blog.com\/wp-content\/uploads\/2022\/08\/DSC01532-scaled.jpg?fit=525%2C787&amp;ssl=1\" data-attachment-id=\"3866\" data-permalink=\"https:\/\/mytraveljournal-blog.com\/de\/visiting-gaudis-architecture\/dsc01532\/\" data-orig-file=\"https:\/\/i0.wp.com\/mytraveljournal-blog.com\/wp-content\/uploads\/2022\/08\/DSC01532-scaled.jpg?fit=1707%2C2560&amp;ssl=1\" data-orig-size=\"1707,2560\" data-comments-opened=\"1\" data-image-meta=\"{&quot;aperture&quot;:&quot;3.5&quot;,&quot;credit&quot;:&quot;&quot;,&quot;camera&quot;:&quot;ILCE-6000&quot;,&quot;caption&quot;:&quot;&quot;,&quot;created_timestamp&quot;:&quot;0&quot;,&quot;copyright&quot;:&quot;&quot;,&quot;focal_length&quot;:&quot;16&quot;,&quot;iso&quot;:&quot;3200&quot;,&quot;shutter_speed&quot;:&quot;0.01&quot;,&quot;title&quot;:&quot;&quot;,&quot;orientation&quot;:&quot;0&quot;}\" data-image-title=\"The ceiling of the lady\u2019s room\" data-image-description=\"\" data-image-caption=\"\" data-large-file=\"https:\/\/i0.wp.com\/mytraveljournal-blog.com\/wp-content\/uploads\/2022\/08\/DSC01532-scaled.jpg?fit=525%2C787&amp;ssl=1\" role=\"button\" tabindex=\"0\" aria-label=\"Bild\u00a03 von 9 im Vollbildmodus \u00f6ffnen\"data-srcset=\"https:\/\/i2.wp.com\/mytraveljournal-blog.com\/wp-content\/uploads\/2022\/08\/DSC01532-683x1024.jpg?strip=info&#038;w=600&#038;ssl=1 600w,https:\/\/i2.wp.com\/mytraveljournal-blog.com\/wp-content\/uploads\/2022\/08\/DSC01532-683x1024.jpg?strip=info&#038;w=900&#038;ssl=1 900w,https:\/\/i2.wp.com\/mytraveljournal-blog.com\/wp-content\/uploads\/2022\/08\/DSC01532-683x1024.jpg?strip=info&#038;w=1200&#038;ssl=1 1200w,https:\/\/i2.wp.com\/mytraveljournal-blog.com\/wp-content\/uploads\/2022\/08\/DSC01532-683x1024.jpg?strip=info&#038;w=1500&#038;ssl=1 1500w,https:\/\/i2.wp.com\/mytraveljournal-blog.com\/wp-content\/uploads\/2022\/08\/DSC01532-683x1024.jpg?strip=info&#038;w=1707&#038;ssl=1 1707w\" alt=\"The ceiling of the lady\u2019s room\" data-height=\"2560\" data-id=\"3866\" data-link=\"https:\/\/mytraveljournal-blog.com\/?attachment_id=3866\" data-url=\"https:\/\/mytraveljournal-blog.com\/wp-content\/uploads\/2022\/08\/DSC01532-683x1024.jpg\" data-width=\"1707\" data-src=\"https:\/\/i2.wp.com\/mytraveljournal-blog.com\/wp-content\/uploads\/2022\/08\/DSC01532-683x1024.jpg?ssl=1\" data-amp-layout=\"responsive\" src=\"data:image\/svg+xml;base64,PHN2ZyB3aWR0aD0iMSIgaGVpZ2h0PSIxIiB4bWxucz0iaHR0cDovL3d3dy53My5vcmcvMjAwMC9zdmciPjwvc3ZnPg==\" class=\"lazyload\" style=\"--smush-placeholder-width: 683px; --smush-placeholder-aspect-ratio: 683\/1024;\" \/><\/figure><\/div><div class=\"tiled-gallery__col\" style=\"flex-basis:25.00365%\"><figure class=\"tiled-gallery__item\"><img decoding=\"async\" data-attachment-id=\"3863\" data-permalink=\"https:\/\/mytraveljournal-blog.com\/de\/visiting-gaudis-architecture\/dsc01488\/\" data-orig-file=\"https:\/\/i0.wp.com\/mytraveljournal-blog.com\/wp-content\/uploads\/2022\/08\/DSC01488-scaled.jpg?fit=1707%2C2560&amp;ssl=1\" data-orig-size=\"1707,2560\" data-comments-opened=\"1\" data-image-meta=\"{&quot;aperture&quot;:&quot;4&quot;,&quot;credit&quot;:&quot;&quot;,&quot;camera&quot;:&quot;ILCE-6000&quot;,&quot;caption&quot;:&quot;&quot;,&quot;created_timestamp&quot;:&quot;0&quot;,&quot;copyright&quot;:&quot;&quot;,&quot;focal_length&quot;:&quot;16&quot;,&quot;iso&quot;:&quot;250&quot;,&quot;shutter_speed&quot;:&quot;0.0166666666667&quot;,&quot;title&quot;:&quot;&quot;,&quot;orientation&quot;:&quot;0&quot;}\" data-image-title=\"The terrace of Casa Vicens\" data-image-description=\"\" data-image-caption=\"\" data-large-file=\"https:\/\/i0.wp.com\/mytraveljournal-blog.com\/wp-content\/uploads\/2022\/08\/DSC01488-scaled.jpg?fit=525%2C787&amp;ssl=1\" data-attachment-id=\"3863\" data-permalink=\"https:\/\/mytraveljournal-blog.com\/de\/visiting-gaudis-architecture\/dsc01488\/\" data-orig-file=\"https:\/\/i0.wp.com\/mytraveljournal-blog.com\/wp-content\/uploads\/2022\/08\/DSC01488-scaled.jpg?fit=1707%2C2560&amp;ssl=1\" data-orig-size=\"1707,2560\" data-comments-opened=\"1\" data-image-meta=\"{&quot;aperture&quot;:&quot;4&quot;,&quot;credit&quot;:&quot;&quot;,&quot;camera&quot;:&quot;ILCE-6000&quot;,&quot;caption&quot;:&quot;&quot;,&quot;created_timestamp&quot;:&quot;0&quot;,&quot;copyright&quot;:&quot;&quot;,&quot;focal_length&quot;:&quot;16&quot;,&quot;iso&quot;:&quot;250&quot;,&quot;shutter_speed&quot;:&quot;0.0166666666667&quot;,&quot;title&quot;:&quot;&quot;,&quot;orientation&quot;:&quot;0&quot;}\" data-image-title=\"The terrace of Casa Vicens\" data-image-description=\"\" data-image-caption=\"\" data-large-file=\"https:\/\/i0.wp.com\/mytraveljournal-blog.com\/wp-content\/uploads\/2022\/08\/DSC01488-scaled.jpg?fit=525%2C787&amp;ssl=1\" role=\"button\" tabindex=\"0\" aria-label=\"Bild\u00a04 von 9 im Vollbildmodus \u00f6ffnen\"data-srcset=\"https:\/\/i0.wp.com\/mytraveljournal-blog.com\/wp-content\/uploads\/2022\/08\/DSC01488-683x1024.jpg?strip=info&#038;w=600&#038;ssl=1 600w,https:\/\/i0.wp.com\/mytraveljournal-blog.com\/wp-content\/uploads\/2022\/08\/DSC01488-683x1024.jpg?strip=info&#038;w=900&#038;ssl=1 900w,https:\/\/i0.wp.com\/mytraveljournal-blog.com\/wp-content\/uploads\/2022\/08\/DSC01488-683x1024.jpg?strip=info&#038;w=1200&#038;ssl=1 1200w,https:\/\/i0.wp.com\/mytraveljournal-blog.com\/wp-content\/uploads\/2022\/08\/DSC01488-683x1024.jpg?strip=info&#038;w=1500&#038;ssl=1 1500w,https:\/\/i0.wp.com\/mytraveljournal-blog.com\/wp-content\/uploads\/2022\/08\/DSC01488-683x1024.jpg?strip=info&#038;w=1707&#038;ssl=1 1707w\" alt=\"The terrace of Casa Vicens\" data-height=\"2560\" data-id=\"3863\" data-link=\"https:\/\/mytraveljournal-blog.com\/?attachment_id=3863\" data-url=\"https:\/\/mytraveljournal-blog.com\/wp-content\/uploads\/2022\/08\/DSC01488-683x1024.jpg\" data-width=\"1707\" data-src=\"https:\/\/i0.wp.com\/mytraveljournal-blog.com\/wp-content\/uploads\/2022\/08\/DSC01488-683x1024.jpg?ssl=1\" data-amp-layout=\"responsive\" src=\"data:image\/svg+xml;base64,PHN2ZyB3aWR0aD0iMSIgaGVpZ2h0PSIxIiB4bWxucz0iaHR0cDovL3d3dy53My5vcmcvMjAwMC9zdmciPjwvc3ZnPg==\" class=\"lazyload\" style=\"--smush-placeholder-width: 683px; --smush-placeholder-aspect-ratio: 683\/1024;\" \/><\/figure><\/div><\/div><div class=\"tiled-gallery__row\"><div class=\"tiled-gallery__col\" style=\"flex-basis:47.30469%\"><figure class=\"tiled-gallery__item\"><img decoding=\"async\" data-attachment-id=\"3862\" data-permalink=\"https:\/\/mytraveljournal-blog.com\/de\/visiting-gaudis-architecture\/dsc01482\/\" data-orig-file=\"https:\/\/i0.wp.com\/mytraveljournal-blog.com\/wp-content\/uploads\/2022\/08\/DSC01482-scaled.jpg?fit=1707%2C2560&amp;ssl=1\" data-orig-size=\"1707,2560\" data-comments-opened=\"1\" data-image-meta=\"{&quot;aperture&quot;:&quot;3.5&quot;,&quot;credit&quot;:&quot;&quot;,&quot;camera&quot;:&quot;ILCE-6000&quot;,&quot;caption&quot;:&quot;&quot;,&quot;created_timestamp&quot;:&quot;0&quot;,&quot;copyright&quot;:&quot;&quot;,&quot;focal_length&quot;:&quot;16&quot;,&quot;iso&quot;:&quot;3200&quot;,&quot;shutter_speed&quot;:&quot;0.008&quot;,&quot;title&quot;:&quot;&quot;,&quot;orientation&quot;:&quot;0&quot;}\" data-image-title=\"Ceilings decorated with flowers\" data-image-description=\"\" data-image-caption=\"\" data-large-file=\"https:\/\/i0.wp.com\/mytraveljournal-blog.com\/wp-content\/uploads\/2022\/08\/DSC01482-scaled.jpg?fit=525%2C787&amp;ssl=1\" data-attachment-id=\"3862\" data-permalink=\"https:\/\/mytraveljournal-blog.com\/de\/visiting-gaudis-architecture\/dsc01482\/\" data-orig-file=\"https:\/\/i0.wp.com\/mytraveljournal-blog.com\/wp-content\/uploads\/2022\/08\/DSC01482-scaled.jpg?fit=1707%2C2560&amp;ssl=1\" data-orig-size=\"1707,2560\" data-comments-opened=\"1\" data-image-meta=\"{&quot;aperture&quot;:&quot;3.5&quot;,&quot;credit&quot;:&quot;&quot;,&quot;camera&quot;:&quot;ILCE-6000&quot;,&quot;caption&quot;:&quot;&quot;,&quot;created_timestamp&quot;:&quot;0&quot;,&quot;copyright&quot;:&quot;&quot;,&quot;focal_length&quot;:&quot;16&quot;,&quot;iso&quot;:&quot;3200&quot;,&quot;shutter_speed&quot;:&quot;0.008&quot;,&quot;title&quot;:&quot;&quot;,&quot;orientation&quot;:&quot;0&quot;}\" data-image-title=\"Ceilings decorated with flowers\" data-image-description=\"\" data-image-caption=\"\" data-large-file=\"https:\/\/i0.wp.com\/mytraveljournal-blog.com\/wp-content\/uploads\/2022\/08\/DSC01482-scaled.jpg?fit=525%2C787&amp;ssl=1\" role=\"button\" tabindex=\"0\" aria-label=\"Bild\u00a05 von 9 im Vollbildmodus \u00f6ffnen\"data-srcset=\"https:\/\/i0.wp.com\/mytraveljournal-blog.com\/wp-content\/uploads\/2022\/08\/DSC01482-683x1024.jpg?strip=info&#038;w=600&#038;ssl=1 600w,https:\/\/i0.wp.com\/mytraveljournal-blog.com\/wp-content\/uploads\/2022\/08\/DSC01482-683x1024.jpg?strip=info&#038;w=900&#038;ssl=1 900w,https:\/\/i0.wp.com\/mytraveljournal-blog.com\/wp-content\/uploads\/2022\/08\/DSC01482-683x1024.jpg?strip=info&#038;w=1200&#038;ssl=1 1200w,https:\/\/i0.wp.com\/mytraveljournal-blog.com\/wp-content\/uploads\/2022\/08\/DSC01482-683x1024.jpg?strip=info&#038;w=1500&#038;ssl=1 1500w,https:\/\/i0.wp.com\/mytraveljournal-blog.com\/wp-content\/uploads\/2022\/08\/DSC01482-683x1024.jpg?strip=info&#038;w=1707&#038;ssl=1 1707w\" alt=\"Ceilings decorated with flowers\" data-height=\"2560\" data-id=\"3862\" data-link=\"https:\/\/mytraveljournal-blog.com\/?attachment_id=3862\" data-url=\"https:\/\/mytraveljournal-blog.com\/wp-content\/uploads\/2022\/08\/DSC01482-683x1024.jpg\" data-width=\"1707\" data-src=\"https:\/\/i0.wp.com\/mytraveljournal-blog.com\/wp-content\/uploads\/2022\/08\/DSC01482-683x1024.jpg?ssl=1\" data-amp-layout=\"responsive\" src=\"data:image\/svg+xml;base64,PHN2ZyB3aWR0aD0iMSIgaGVpZ2h0PSIxIiB4bWxucz0iaHR0cDovL3d3dy53My5vcmcvMjAwMC9zdmciPjwvc3ZnPg==\" class=\"lazyload\" style=\"--smush-placeholder-width: 683px; --smush-placeholder-aspect-ratio: 683\/1024;\" \/><\/figure><\/div><div class=\"tiled-gallery__col\" style=\"flex-basis:52.69531%\"><figure class=\"tiled-gallery__item\"><img decoding=\"async\" data-attachment-id=\"3864\" data-permalink=\"https:\/\/mytraveljournal-blog.com\/de\/visiting-gaudis-architecture\/dsc01505\/\" data-orig-file=\"https:\/\/i0.wp.com\/mytraveljournal-blog.com\/wp-content\/uploads\/2022\/08\/DSC01505-scaled.jpg?fit=2560%2C1707&amp;ssl=1\" data-orig-size=\"2560,1707\" data-comments-opened=\"1\" data-image-meta=\"{&quot;aperture&quot;:&quot;3.5&quot;,&quot;credit&quot;:&quot;&quot;,&quot;camera&quot;:&quot;ILCE-6000&quot;,&quot;caption&quot;:&quot;&quot;,&quot;created_timestamp&quot;:&quot;0&quot;,&quot;copyright&quot;:&quot;&quot;,&quot;focal_length&quot;:&quot;16&quot;,&quot;iso&quot;:&quot;2000&quot;,&quot;shutter_speed&quot;:&quot;0.00625&quot;,&quot;title&quot;:&quot;&quot;,&quot;orientation&quot;:&quot;0&quot;}\" data-image-title=\"The smoking room of Casa Vicens\" data-image-description=\"\" data-image-caption=\"\" data-large-file=\"https:\/\/i0.wp.com\/mytraveljournal-blog.com\/wp-content\/uploads\/2022\/08\/DSC01505-scaled.jpg?fit=525%2C350&amp;ssl=1\" data-attachment-id=\"3864\" data-permalink=\"https:\/\/mytraveljournal-blog.com\/de\/visiting-gaudis-architecture\/dsc01505\/\" data-orig-file=\"https:\/\/i0.wp.com\/mytraveljournal-blog.com\/wp-content\/uploads\/2022\/08\/DSC01505-scaled.jpg?fit=2560%2C1707&amp;ssl=1\" data-orig-size=\"2560,1707\" data-comments-opened=\"1\" data-image-meta=\"{&quot;aperture&quot;:&quot;3.5&quot;,&quot;credit&quot;:&quot;&quot;,&quot;camera&quot;:&quot;ILCE-6000&quot;,&quot;caption&quot;:&quot;&quot;,&quot;created_timestamp&quot;:&quot;0&quot;,&quot;copyright&quot;:&quot;&quot;,&quot;focal_length&quot;:&quot;16&quot;,&quot;iso&quot;:&quot;2000&quot;,&quot;shutter_speed&quot;:&quot;0.00625&quot;,&quot;title&quot;:&quot;&quot;,&quot;orientation&quot;:&quot;0&quot;}\" data-image-title=\"The smoking room of Casa Vicens\" data-image-description=\"\" data-image-caption=\"\" data-large-file=\"https:\/\/i0.wp.com\/mytraveljournal-blog.com\/wp-content\/uploads\/2022\/08\/DSC01505-scaled.jpg?fit=525%2C350&amp;ssl=1\" role=\"button\" tabindex=\"0\" aria-label=\"Bild\u00a06 von 9 im Vollbildmodus \u00f6ffnen\"data-srcset=\"https:\/\/i2.wp.com\/mytraveljournal-blog.com\/wp-content\/uploads\/2022\/08\/DSC01505-1024x683.jpg?strip=info&#038;w=600&#038;ssl=1 600w,https:\/\/i2.wp.com\/mytraveljournal-blog.com\/wp-content\/uploads\/2022\/08\/DSC01505-1024x683.jpg?strip=info&#038;w=900&#038;ssl=1 900w,https:\/\/i2.wp.com\/mytraveljournal-blog.com\/wp-content\/uploads\/2022\/08\/DSC01505-1024x683.jpg?strip=info&#038;w=1200&#038;ssl=1 1200w,https:\/\/i2.wp.com\/mytraveljournal-blog.com\/wp-content\/uploads\/2022\/08\/DSC01505-1024x683.jpg?strip=info&#038;w=1500&#038;ssl=1 1500w,https:\/\/i2.wp.com\/mytraveljournal-blog.com\/wp-content\/uploads\/2022\/08\/DSC01505-1024x683.jpg?strip=info&#038;w=1800&#038;ssl=1 1800w,https:\/\/i2.wp.com\/mytraveljournal-blog.com\/wp-content\/uploads\/2022\/08\/DSC01505-1024x683.jpg?strip=info&#038;w=2000&#038;ssl=1 2000w\" alt=\"The smoking room of Casa Vicens\" data-height=\"1707\" data-id=\"3864\" data-link=\"https:\/\/mytraveljournal-blog.com\/?attachment_id=3864\" data-url=\"https:\/\/mytraveljournal-blog.com\/wp-content\/uploads\/2022\/08\/DSC01505-1024x683.jpg\" data-width=\"2560\" data-src=\"https:\/\/i2.wp.com\/mytraveljournal-blog.com\/wp-content\/uploads\/2022\/08\/DSC01505-1024x683.jpg?ssl=1\" data-amp-layout=\"responsive\" src=\"data:image\/svg+xml;base64,PHN2ZyB3aWR0aD0iMSIgaGVpZ2h0PSIxIiB4bWxucz0iaHR0cDovL3d3dy53My5vcmcvMjAwMC9zdmciPjwvc3ZnPg==\" class=\"lazyload\" style=\"--smush-placeholder-width: 1024px; --smush-placeholder-aspect-ratio: 1024\/683;\" \/><\/figure><figure class=\"tiled-gallery__item\"><img decoding=\"async\" data-attachment-id=\"3865\" data-permalink=\"https:\/\/mytraveljournal-blog.com\/de\/visiting-gaudis-architecture\/dsc01513-1\/\" data-orig-file=\"https:\/\/i0.wp.com\/mytraveljournal-blog.com\/wp-content\/uploads\/2022\/08\/DSC01513-1-scaled.jpg?fit=2560%2C1707&amp;ssl=1\" data-orig-size=\"2560,1707\" data-comments-opened=\"1\" data-image-meta=\"{&quot;aperture&quot;:&quot;4&quot;,&quot;credit&quot;:&quot;&quot;,&quot;camera&quot;:&quot;ILCE-6000&quot;,&quot;caption&quot;:&quot;&quot;,&quot;created_timestamp&quot;:&quot;0&quot;,&quot;copyright&quot;:&quot;&quot;,&quot;focal_length&quot;:&quot;16&quot;,&quot;iso&quot;:&quot;1000&quot;,&quot;shutter_speed&quot;:&quot;0.00625&quot;,&quot;title&quot;:&quot;&quot;,&quot;orientation&quot;:&quot;0&quot;}\" data-image-title=\"In the bathroom of Casa Vicens\" data-image-description=\"\" data-image-caption=\"\" data-large-file=\"https:\/\/i0.wp.com\/mytraveljournal-blog.com\/wp-content\/uploads\/2022\/08\/DSC01513-1-scaled.jpg?fit=525%2C350&amp;ssl=1\" data-attachment-id=\"3865\" data-permalink=\"https:\/\/mytraveljournal-blog.com\/de\/visiting-gaudis-architecture\/dsc01513-1\/\" data-orig-file=\"https:\/\/i0.wp.com\/mytraveljournal-blog.com\/wp-content\/uploads\/2022\/08\/DSC01513-1-scaled.jpg?fit=2560%2C1707&amp;ssl=1\" data-orig-size=\"2560,1707\" data-comments-opened=\"1\" data-image-meta=\"{&quot;aperture&quot;:&quot;4&quot;,&quot;credit&quot;:&quot;&quot;,&quot;camera&quot;:&quot;ILCE-6000&quot;,&quot;caption&quot;:&quot;&quot;,&quot;created_timestamp&quot;:&quot;0&quot;,&quot;copyright&quot;:&quot;&quot;,&quot;focal_length&quot;:&quot;16&quot;,&quot;iso&quot;:&quot;1000&quot;,&quot;shutter_speed&quot;:&quot;0.00625&quot;,&quot;title&quot;:&quot;&quot;,&quot;orientation&quot;:&quot;0&quot;}\" data-image-title=\"In the bathroom of Casa Vicens\" data-image-description=\"\" data-image-caption=\"\" data-large-file=\"https:\/\/i0.wp.com\/mytraveljournal-blog.com\/wp-content\/uploads\/2022\/08\/DSC01513-1-scaled.jpg?fit=525%2C350&amp;ssl=1\" role=\"button\" tabindex=\"0\" aria-label=\"Bild\u00a07 von 9 im Vollbildmodus \u00f6ffnen\"data-srcset=\"https:\/\/i1.wp.com\/mytraveljournal-blog.com\/wp-content\/uploads\/2022\/08\/DSC01513-1-1024x683.jpg?strip=info&#038;w=600&#038;ssl=1 600w,https:\/\/i1.wp.com\/mytraveljournal-blog.com\/wp-content\/uploads\/2022\/08\/DSC01513-1-1024x683.jpg?strip=info&#038;w=900&#038;ssl=1 900w,https:\/\/i1.wp.com\/mytraveljournal-blog.com\/wp-content\/uploads\/2022\/08\/DSC01513-1-1024x683.jpg?strip=info&#038;w=1200&#038;ssl=1 1200w,https:\/\/i1.wp.com\/mytraveljournal-blog.com\/wp-content\/uploads\/2022\/08\/DSC01513-1-1024x683.jpg?strip=info&#038;w=1500&#038;ssl=1 1500w,https:\/\/i1.wp.com\/mytraveljournal-blog.com\/wp-content\/uploads\/2022\/08\/DSC01513-1-1024x683.jpg?strip=info&#038;w=1800&#038;ssl=1 1800w,https:\/\/i1.wp.com\/mytraveljournal-blog.com\/wp-content\/uploads\/2022\/08\/DSC01513-1-1024x683.jpg?strip=info&#038;w=2000&#038;ssl=1 2000w\" alt=\"In the bathroom of Casa Vicens\" data-height=\"1707\" data-id=\"3865\" data-link=\"https:\/\/mytraveljournal-blog.com\/?attachment_id=3865\" data-url=\"https:\/\/mytraveljournal-blog.com\/wp-content\/uploads\/2022\/08\/DSC01513-1-1024x683.jpg\" data-width=\"2560\" data-src=\"https:\/\/i1.wp.com\/mytraveljournal-blog.com\/wp-content\/uploads\/2022\/08\/DSC01513-1-1024x683.jpg?ssl=1\" data-amp-layout=\"responsive\" src=\"data:image\/svg+xml;base64,PHN2ZyB3aWR0aD0iMSIgaGVpZ2h0PSIxIiB4bWxucz0iaHR0cDovL3d3dy53My5vcmcvMjAwMC9zdmciPjwvc3ZnPg==\" class=\"lazyload\" style=\"--smush-placeholder-width: 1024px; --smush-placeholder-aspect-ratio: 1024\/683;\" \/><\/figure><\/div><\/div><div class=\"tiled-gallery__row\"><div class=\"tiled-gallery__col\" style=\"flex-basis:49.98538%\"><figure class=\"tiled-gallery__item\"><img decoding=\"async\" data-attachment-id=\"3860\" data-permalink=\"https:\/\/mytraveljournal-blog.com\/de\/visiting-gaudis-architecture\/dsc01470\/\" data-orig-file=\"https:\/\/i0.wp.com\/mytraveljournal-blog.com\/wp-content\/uploads\/2022\/08\/DSC01470-scaled.jpg?fit=1706%2C2560&amp;ssl=1\" data-orig-size=\"1706,2560\" data-comments-opened=\"1\" data-image-meta=\"{&quot;aperture&quot;:&quot;8&quot;,&quot;credit&quot;:&quot;&quot;,&quot;camera&quot;:&quot;ILCE-6000&quot;,&quot;caption&quot;:&quot;&quot;,&quot;created_timestamp&quot;:&quot;0&quot;,&quot;copyright&quot;:&quot;&quot;,&quot;focal_length&quot;:&quot;16&quot;,&quot;iso&quot;:&quot;100&quot;,&quot;shutter_speed&quot;:&quot;0.0125&quot;,&quot;title&quot;:&quot;&quot;,&quot;orientation&quot;:&quot;0&quot;}\" data-image-title=\"In the garden of Casa Vicens\" data-image-description=\"\" data-image-caption=\"\" data-large-file=\"https:\/\/i0.wp.com\/mytraveljournal-blog.com\/wp-content\/uploads\/2022\/08\/DSC01470-scaled.jpg?fit=525%2C787&amp;ssl=1\" data-attachment-id=\"3860\" data-permalink=\"https:\/\/mytraveljournal-blog.com\/de\/visiting-gaudis-architecture\/dsc01470\/\" data-orig-file=\"https:\/\/i0.wp.com\/mytraveljournal-blog.com\/wp-content\/uploads\/2022\/08\/DSC01470-scaled.jpg?fit=1706%2C2560&amp;ssl=1\" data-orig-size=\"1706,2560\" data-comments-opened=\"1\" data-image-meta=\"{&quot;aperture&quot;:&quot;8&quot;,&quot;credit&quot;:&quot;&quot;,&quot;camera&quot;:&quot;ILCE-6000&quot;,&quot;caption&quot;:&quot;&quot;,&quot;created_timestamp&quot;:&quot;0&quot;,&quot;copyright&quot;:&quot;&quot;,&quot;focal_length&quot;:&quot;16&quot;,&quot;iso&quot;:&quot;100&quot;,&quot;shutter_speed&quot;:&quot;0.0125&quot;,&quot;title&quot;:&quot;&quot;,&quot;orientation&quot;:&quot;0&quot;}\" data-image-title=\"In the garden of Casa Vicens\" data-image-description=\"\" data-image-caption=\"\" data-large-file=\"https:\/\/i0.wp.com\/mytraveljournal-blog.com\/wp-content\/uploads\/2022\/08\/DSC01470-scaled.jpg?fit=525%2C787&amp;ssl=1\" role=\"button\" tabindex=\"0\" aria-label=\"Bild\u00a08 von 9 im Vollbildmodus \u00f6ffnen\"data-srcset=\"https:\/\/i1.wp.com\/mytraveljournal-blog.com\/wp-content\/uploads\/2022\/08\/DSC01470-683x1024.jpg?strip=info&#038;w=600&#038;ssl=1 600w,https:\/\/i1.wp.com\/mytraveljournal-blog.com\/wp-content\/uploads\/2022\/08\/DSC01470-683x1024.jpg?strip=info&#038;w=900&#038;ssl=1 900w,https:\/\/i1.wp.com\/mytraveljournal-blog.com\/wp-content\/uploads\/2022\/08\/DSC01470-683x1024.jpg?strip=info&#038;w=1200&#038;ssl=1 1200w,https:\/\/i1.wp.com\/mytraveljournal-blog.com\/wp-content\/uploads\/2022\/08\/DSC01470-683x1024.jpg?strip=info&#038;w=1500&#038;ssl=1 1500w,https:\/\/i1.wp.com\/mytraveljournal-blog.com\/wp-content\/uploads\/2022\/08\/DSC01470-683x1024.jpg?strip=info&#038;w=1706&#038;ssl=1 1706w\" alt=\"In the garden of Casa Vicens\" data-height=\"2560\" data-id=\"3860\" data-link=\"https:\/\/mytraveljournal-blog.com\/?attachment_id=3860\" data-url=\"https:\/\/mytraveljournal-blog.com\/wp-content\/uploads\/2022\/08\/DSC01470-683x1024.jpg\" data-width=\"1706\" data-src=\"https:\/\/i1.wp.com\/mytraveljournal-blog.com\/wp-content\/uploads\/2022\/08\/DSC01470-683x1024.jpg?ssl=1\" data-amp-layout=\"responsive\" src=\"data:image\/svg+xml;base64,PHN2ZyB3aWR0aD0iMSIgaGVpZ2h0PSIxIiB4bWxucz0iaHR0cDovL3d3dy53My5vcmcvMjAwMC9zdmciPjwvc3ZnPg==\" class=\"lazyload\" style=\"--smush-placeholder-width: 683px; --smush-placeholder-aspect-ratio: 683\/1024;\" \/><\/figure><\/div><div class=\"tiled-gallery__col\" style=\"flex-basis:50.01462%\"><figure class=\"tiled-gallery__item\"><img decoding=\"async\" data-attachment-id=\"3867\" data-permalink=\"https:\/\/mytraveljournal-blog.com\/de\/visiting-gaudis-architecture\/dsc01557\/\" data-orig-file=\"https:\/\/i0.wp.com\/mytraveljournal-blog.com\/wp-content\/uploads\/2022\/08\/DSC01557-scaled.jpg?fit=1707%2C2560&amp;ssl=1\" data-orig-size=\"1707,2560\" data-comments-opened=\"1\" data-image-meta=\"{&quot;aperture&quot;:&quot;7.1&quot;,&quot;credit&quot;:&quot;&quot;,&quot;camera&quot;:&quot;ILCE-6000&quot;,&quot;caption&quot;:&quot;&quot;,&quot;created_timestamp&quot;:&quot;0&quot;,&quot;copyright&quot;:&quot;&quot;,&quot;focal_length&quot;:&quot;50&quot;,&quot;iso&quot;:&quot;100&quot;,&quot;shutter_speed&quot;:&quot;0.01&quot;,&quot;title&quot;:&quot;&quot;,&quot;orientation&quot;:&quot;0&quot;}\" data-image-title=\"Casa Vicens\" data-image-description=\"\" data-image-caption=\"\" data-large-file=\"https:\/\/i0.wp.com\/mytraveljournal-blog.com\/wp-content\/uploads\/2022\/08\/DSC01557-scaled.jpg?fit=525%2C787&amp;ssl=1\" data-attachment-id=\"3867\" data-permalink=\"https:\/\/mytraveljournal-blog.com\/de\/visiting-gaudis-architecture\/dsc01557\/\" data-orig-file=\"https:\/\/i0.wp.com\/mytraveljournal-blog.com\/wp-content\/uploads\/2022\/08\/DSC01557-scaled.jpg?fit=1707%2C2560&amp;ssl=1\" data-orig-size=\"1707,2560\" data-comments-opened=\"1\" data-image-meta=\"{&quot;aperture&quot;:&quot;7.1&quot;,&quot;credit&quot;:&quot;&quot;,&quot;camera&quot;:&quot;ILCE-6000&quot;,&quot;caption&quot;:&quot;&quot;,&quot;created_timestamp&quot;:&quot;0&quot;,&quot;copyright&quot;:&quot;&quot;,&quot;focal_length&quot;:&quot;50&quot;,&quot;iso&quot;:&quot;100&quot;,&quot;shutter_speed&quot;:&quot;0.01&quot;,&quot;title&quot;:&quot;&quot;,&quot;orientation&quot;:&quot;0&quot;}\" data-image-title=\"Casa Vicens\" data-image-description=\"\" data-image-caption=\"\" data-large-file=\"https:\/\/i0.wp.com\/mytraveljournal-blog.com\/wp-content\/uploads\/2022\/08\/DSC01557-scaled.jpg?fit=525%2C787&amp;ssl=1\" role=\"button\" tabindex=\"0\" aria-label=\"Bild\u00a09 von 9 im Vollbildmodus \u00f6ffnen\"data-srcset=\"https:\/\/i0.wp.com\/mytraveljournal-blog.com\/wp-content\/uploads\/2022\/08\/DSC01557-683x1024.jpg?strip=info&#038;w=600&#038;ssl=1 600w,https:\/\/i0.wp.com\/mytraveljournal-blog.com\/wp-content\/uploads\/2022\/08\/DSC01557-683x1024.jpg?strip=info&#038;w=900&#038;ssl=1 900w,https:\/\/i0.wp.com\/mytraveljournal-blog.com\/wp-content\/uploads\/2022\/08\/DSC01557-683x1024.jpg?strip=info&#038;w=1200&#038;ssl=1 1200w,https:\/\/i0.wp.com\/mytraveljournal-blog.com\/wp-content\/uploads\/2022\/08\/DSC01557-683x1024.jpg?strip=info&#038;w=1500&#038;ssl=1 1500w,https:\/\/i0.wp.com\/mytraveljournal-blog.com\/wp-content\/uploads\/2022\/08\/DSC01557-683x1024.jpg?strip=info&#038;w=1707&#038;ssl=1 1707w\" alt=\"Casa Vicens\" data-height=\"2560\" data-id=\"3867\" data-link=\"https:\/\/mytraveljournal-blog.com\/?attachment_id=3867\" data-url=\"https:\/\/mytraveljournal-blog.com\/wp-content\/uploads\/2022\/08\/DSC01557-683x1024.jpg\" data-width=\"1707\" data-src=\"https:\/\/i0.wp.com\/mytraveljournal-blog.com\/wp-content\/uploads\/2022\/08\/DSC01557-683x1024.jpg?ssl=1\" data-amp-layout=\"responsive\" src=\"data:image\/svg+xml;base64,PHN2ZyB3aWR0aD0iMSIgaGVpZ2h0PSIxIiB4bWxucz0iaHR0cDovL3d3dy53My5vcmcvMjAwMC9zdmciPjwvc3ZnPg==\" class=\"lazyload\" style=\"--smush-placeholder-width: 683px; --smush-placeholder-aspect-ratio: 683\/1024;\" \/><\/figure><\/div><\/div><\/div><\/div>\n\n\n\n<p><\/p>\n\n\n\n<p><\/p>\n\n\n\n<p><\/p>\n\n\n\n<h5 class=\"wp-block-heading\"><span class=\"ez-toc-section\" id=\"Park_Gueell_1900-1914\"><\/span>Park G\u00fcell (1900-1914)<span class=\"ez-toc-section-end\"><\/span><\/h5>\n\n\n\n<p>Eintrittspreis: 10 Euro<\/p>\n\n\n<div class=\"wp-block-image is-style-default\">\n<figure class=\"alignleft size-thumbnail\"><a href=\"https:\/\/i0.wp.com\/mytraveljournal-blog.com\/wp-content\/uploads\/2022\/08\/06-Park-Gueell-scaled.jpg?ssl=1\" target=\"_blank\" rel=\"noreferrer noopener\"><img data-recalc-dims=\"1\" decoding=\"async\" width=\"150\" height=\"150\" data-attachment-id=\"3831\" data-permalink=\"https:\/\/mytraveljournal-blog.com\/de\/visiting-gaudis-architecture\/06-park-gueell\/\" data-orig-file=\"https:\/\/i0.wp.com\/mytraveljournal-blog.com\/wp-content\/uploads\/2022\/08\/06-Park-Gueell-scaled.jpg?fit=1706%2C2560&amp;ssl=1\" data-orig-size=\"1706,2560\" data-comments-opened=\"1\" data-image-meta=\"{&quot;aperture&quot;:&quot;11&quot;,&quot;credit&quot;:&quot;&quot;,&quot;camera&quot;:&quot;ILCE-6000&quot;,&quot;caption&quot;:&quot;&quot;,&quot;created_timestamp&quot;:&quot;0&quot;,&quot;copyright&quot;:&quot;&quot;,&quot;focal_length&quot;:&quot;50&quot;,&quot;iso&quot;:&quot;100&quot;,&quot;shutter_speed&quot;:&quot;0.008&quot;,&quot;title&quot;:&quot;&quot;,&quot;orientation&quot;:&quot;0&quot;}\" data-image-title=\"The benches of Park G\u00fcell\" data-image-description=\"\" data-image-caption=\"\" data-large-file=\"https:\/\/i0.wp.com\/mytraveljournal-blog.com\/wp-content\/uploads\/2022\/08\/06-Park-Gueell-scaled.jpg?fit=525%2C787&amp;ssl=1\" data-src=\"https:\/\/i0.wp.com\/mytraveljournal-blog.com\/wp-content\/uploads\/2022\/08\/06-Park-Gueell.jpg?resize=150%2C150&#038;ssl=1\" alt=\"The benches of Park G\u00fcell\" class=\"wp-image-3831 lazyload\" data-srcset=\"https:\/\/i0.wp.com\/mytraveljournal-blog.com\/wp-content\/uploads\/2022\/08\/06-Park-Gueell-scaled.jpg?resize=150%2C150&amp;ssl=1 150w, https:\/\/i0.wp.com\/mytraveljournal-blog.com\/wp-content\/uploads\/2022\/08\/06-Park-Gueell-scaled.jpg?resize=100%2C100&amp;ssl=1 100w, https:\/\/i0.wp.com\/mytraveljournal-blog.com\/wp-content\/uploads\/2022\/08\/06-Park-Gueell-scaled.jpg?zoom=2&amp;resize=150%2C150&amp;ssl=1 300w, https:\/\/i0.wp.com\/mytraveljournal-blog.com\/wp-content\/uploads\/2022\/08\/06-Park-Gueell-scaled.jpg?zoom=3&amp;resize=150%2C150&amp;ssl=1 450w\" data-sizes=\"(max-width: 150px) 100vw, 150px\" src=\"data:image\/svg+xml;base64,PHN2ZyB3aWR0aD0iMSIgaGVpZ2h0PSIxIiB4bWxucz0iaHR0cDovL3d3dy53My5vcmcvMjAwMC9zdmciPjwvc3ZnPg==\" style=\"--smush-placeholder-width: 150px; --smush-placeholder-aspect-ratio: 150\/150;\" \/><\/a><\/figure>\n<\/div>\n\n\n<p>Eusebi G\u00fcell beauftragte Gaud\u00ed 1900 mit der Gestaltung von <strong>Park G\u00fcell<\/strong>. Dieser wurde <strong>1926 offiziell als \u00f6ffentlicher Park er\u00f6ffnet<\/strong>. Er ist mehr als <strong>17 Hektar gro\u00df<\/strong> und damit <strong>eine der gr\u00f6\u00dften Gr\u00fcnfl\u00e4chen Barcelonas<\/strong>. Der Park ist in zwei Bereiche unterteilt,<strong> dem Monumentalen- und dem Waldgebiet<\/strong>. Im Park befindet sich auch das <strong>Haus von Gaud\u00ed<\/strong>, in dem er von 1906 bis 1925 lebte, also bis ein Jahr vor seinem Tod. Heutzutage ist sein ehemaliges Wohnhaus ein <strong>Museum<\/strong>. Touristen k\u00f6nnen in <strong><em>Gaud\u00eds Casa<\/em><\/strong> pers\u00f6nliche Gegenst\u00e4nde und selbst angefertigte M\u00f6bel des Architekten sehen. Der <strong>Museumseintritt ist im Park nicht inbegriffen<\/strong> und muss daher separat bezahlt werden.<\/p>\n\n\n\n<h6 class=\"wp-block-heading\"><span class=\"ez-toc-section\" id=\"Mein_erster_Eindruck-4\"><\/span>Mein erster Eindruck<span class=\"ez-toc-section-end\"><\/span><\/h6>\n\n\n<div class=\"wp-block-image is-style-default\">\n<figure class=\"alignright size-thumbnail\"><a href=\"https:\/\/i0.wp.com\/mytraveljournal-blog.com\/wp-content\/uploads\/2022\/08\/DSC01866-scaled.jpg?ssl=1\" target=\"_blank\" rel=\"noreferrer noopener\"><img data-recalc-dims=\"1\" decoding=\"async\" width=\"150\" height=\"150\" data-attachment-id=\"3868\" data-permalink=\"https:\/\/mytraveljournal-blog.com\/de\/visiting-gaudis-architecture\/dsc01866\/\" data-orig-file=\"https:\/\/i0.wp.com\/mytraveljournal-blog.com\/wp-content\/uploads\/2022\/08\/DSC01866-scaled.jpg?fit=2560%2C1707&amp;ssl=1\" data-orig-size=\"2560,1707\" data-comments-opened=\"1\" data-image-meta=\"{&quot;aperture&quot;:&quot;4&quot;,&quot;credit&quot;:&quot;&quot;,&quot;camera&quot;:&quot;ILCE-6000&quot;,&quot;caption&quot;:&quot;&quot;,&quot;created_timestamp&quot;:&quot;0&quot;,&quot;copyright&quot;:&quot;&quot;,&quot;focal_length&quot;:&quot;16&quot;,&quot;iso&quot;:&quot;200&quot;,&quot;shutter_speed&quot;:&quot;0.0166666666667&quot;,&quot;title&quot;:&quot;&quot;,&quot;orientation&quot;:&quot;0&quot;}\" data-image-title=\"On the benches in Park G\u00fcell\" data-image-description=\"\" data-image-caption=\"\" data-large-file=\"https:\/\/i0.wp.com\/mytraveljournal-blog.com\/wp-content\/uploads\/2022\/08\/DSC01866-scaled.jpg?fit=525%2C350&amp;ssl=1\" data-src=\"https:\/\/i0.wp.com\/mytraveljournal-blog.com\/wp-content\/uploads\/2022\/08\/DSC01866.jpg?resize=150%2C150&#038;ssl=1\" alt=\"On the benches in Park G\u00fcell\" class=\"wp-image-3868 lazyload\" data-srcset=\"https:\/\/i0.wp.com\/mytraveljournal-blog.com\/wp-content\/uploads\/2022\/08\/DSC01866-scaled.jpg?resize=150%2C150&amp;ssl=1 150w, https:\/\/i0.wp.com\/mytraveljournal-blog.com\/wp-content\/uploads\/2022\/08\/DSC01866-scaled.jpg?resize=100%2C100&amp;ssl=1 100w, https:\/\/i0.wp.com\/mytraveljournal-blog.com\/wp-content\/uploads\/2022\/08\/DSC01866-scaled.jpg?zoom=2&amp;resize=150%2C150&amp;ssl=1 300w, https:\/\/i0.wp.com\/mytraveljournal-blog.com\/wp-content\/uploads\/2022\/08\/DSC01866-scaled.jpg?zoom=3&amp;resize=150%2C150&amp;ssl=1 450w\" data-sizes=\"(max-width: 150px) 100vw, 150px\" src=\"data:image\/svg+xml;base64,PHN2ZyB3aWR0aD0iMSIgaGVpZ2h0PSIxIiB4bWxucz0iaHR0cDovL3d3dy53My5vcmcvMjAwMC9zdmciPjwvc3ZnPg==\" style=\"--smush-placeholder-width: 150px; --smush-placeholder-aspect-ratio: 150\/150;\" \/><\/a><figcaption>Auf den B\u00e4nken im Park G\u00fcell<\/figcaption><\/figure>\n<\/div>\n\n\n<p>Park G\u00fcell ist von den vier Werken, die ich besucht habe  wahrscheinlich das,<strong> an dem ich die meiste Zeit verbracht habe<\/strong>. Mehr als drei Stunden bis zum Sonnenuntergang sind wir durch den gro\u00dfen Park gelaufen, um jeden Winkel zu entdecken. Park G\u00fcell selbst bietet <strong>einen tollen Blick \u00fcber Barcelona <\/strong>(aber von den H\u00fcgeln hinter dem Park hat man ehrlicherweise einen noch besseren Ausblick) und jede Menge sch\u00f6ne Architektur wie <strong>die beiden H\u00e4user mit D\u00e4chern, die aussehen wie aus Zuckerguss<\/strong>. Am bekanntesten ist wohl der <strong>Drache auf der Treppe<\/strong> und nat\u00fcrlich die <strong>mit bunten Mosaiken bedeckten B\u00e4nke<\/strong>.<\/p>\n\n\n\n<figure class=\"wp-block-image size-large is-style-default\"><a href=\"https:\/\/i0.wp.com\/mytraveljournal-blog.com\/wp-content\/uploads\/2022\/08\/DSC01890-scaled.jpg?ssl=1\" target=\"_blank\" rel=\"noreferrer noopener\"><img data-recalc-dims=\"1\" decoding=\"async\" width=\"525\" height=\"350\" data-attachment-id=\"3870\" data-permalink=\"https:\/\/mytraveljournal-blog.com\/de\/visiting-gaudis-architecture\/dsc01890\/\" data-orig-file=\"https:\/\/i0.wp.com\/mytraveljournal-blog.com\/wp-content\/uploads\/2022\/08\/DSC01890-scaled.jpg?fit=2560%2C1707&amp;ssl=1\" data-orig-size=\"2560,1707\" data-comments-opened=\"1\" data-image-meta=\"{&quot;aperture&quot;:&quot;5.6&quot;,&quot;credit&quot;:&quot;&quot;,&quot;camera&quot;:&quot;ILCE-6000&quot;,&quot;caption&quot;:&quot;&quot;,&quot;created_timestamp&quot;:&quot;0&quot;,&quot;copyright&quot;:&quot;&quot;,&quot;focal_length&quot;:&quot;50&quot;,&quot;iso&quot;:&quot;800&quot;,&quot;shutter_speed&quot;:&quot;0.00625&quot;,&quot;title&quot;:&quot;&quot;,&quot;orientation&quot;:&quot;0&quot;}\" data-image-title=\"The famous dragon of Park G\u00fcell\" data-image-description=\"\" data-image-caption=\"\" data-large-file=\"https:\/\/i0.wp.com\/mytraveljournal-blog.com\/wp-content\/uploads\/2022\/08\/DSC01890-scaled.jpg?fit=525%2C350&amp;ssl=1\" data-src=\"https:\/\/i0.wp.com\/mytraveljournal-blog.com\/wp-content\/uploads\/2022\/08\/DSC01890.jpg?resize=525%2C350&#038;ssl=1\" alt=\"The famous dragon of Park G\u00fcell\" class=\"wp-image-3870 lazyload\" data-srcset=\"https:\/\/i0.wp.com\/mytraveljournal-blog.com\/wp-content\/uploads\/2022\/08\/DSC01890-scaled.jpg?resize=1024%2C683&amp;ssl=1 1024w, https:\/\/i0.wp.com\/mytraveljournal-blog.com\/wp-content\/uploads\/2022\/08\/DSC01890-scaled.jpg?resize=300%2C200&amp;ssl=1 300w, https:\/\/i0.wp.com\/mytraveljournal-blog.com\/wp-content\/uploads\/2022\/08\/DSC01890-scaled.jpg?resize=768%2C512&amp;ssl=1 768w, https:\/\/i0.wp.com\/mytraveljournal-blog.com\/wp-content\/uploads\/2022\/08\/DSC01890-scaled.jpg?resize=1536%2C1024&amp;ssl=1 1536w, https:\/\/i0.wp.com\/mytraveljournal-blog.com\/wp-content\/uploads\/2022\/08\/DSC01890-scaled.jpg?resize=2048%2C1365&amp;ssl=1 2048w, https:\/\/i0.wp.com\/mytraveljournal-blog.com\/wp-content\/uploads\/2022\/08\/DSC01890-scaled.jpg?resize=272%2C182&amp;ssl=1 272w\" data-sizes=\"(max-width: 767px) 89vw, (max-width: 1000px) 54vw, (max-width: 1071px) 543px, 580px\" src=\"data:image\/svg+xml;base64,PHN2ZyB3aWR0aD0iMSIgaGVpZ2h0PSIxIiB4bWxucz0iaHR0cDovL3d3dy53My5vcmcvMjAwMC9zdmciPjwvc3ZnPg==\" style=\"--smush-placeholder-width: 525px; --smush-placeholder-aspect-ratio: 525\/350;\" \/><\/a><figcaption>Der ber\u00fchmte Drache vom Park G\u00fcell<\/figcaption><\/figure>\n\n\n\n<h6 class=\"wp-block-heading\"><span class=\"ez-toc-section\" id=\"Lohnt_es_sich-4\"><\/span>Lohnt es sich?<span class=\"ez-toc-section-end\"><\/span><\/h6>\n\n\n<div class=\"wp-block-image is-style-default\">\n<figure class=\"alignleft size-thumbnail\"><a href=\"https:\/\/i0.wp.com\/mytraveljournal-blog.com\/wp-content\/uploads\/2022\/08\/DSC01691-scaled.jpg?ssl=1\" target=\"_blank\" rel=\"noreferrer noopener\"><img data-recalc-dims=\"1\" decoding=\"async\" width=\"150\" height=\"150\" data-attachment-id=\"3869\" data-permalink=\"https:\/\/mytraveljournal-blog.com\/de\/visiting-gaudis-architecture\/dsc01691\/\" data-orig-file=\"https:\/\/i0.wp.com\/mytraveljournal-blog.com\/wp-content\/uploads\/2022\/08\/DSC01691-scaled.jpg?fit=1706%2C2560&amp;ssl=1\" data-orig-size=\"1706,2560\" data-comments-opened=\"1\" data-image-meta=\"{&quot;aperture&quot;:&quot;4.5&quot;,&quot;credit&quot;:&quot;&quot;,&quot;camera&quot;:&quot;ILCE-6000&quot;,&quot;caption&quot;:&quot;&quot;,&quot;created_timestamp&quot;:&quot;0&quot;,&quot;copyright&quot;:&quot;&quot;,&quot;focal_length&quot;:&quot;19&quot;,&quot;iso&quot;:&quot;100&quot;,&quot;shutter_speed&quot;:&quot;0.00625&quot;,&quot;title&quot;:&quot;&quot;,&quot;orientation&quot;:&quot;0&quot;}\" data-image-title=\"Park G\u00fcell\" data-image-description=\"\" data-image-caption=\"\" data-large-file=\"https:\/\/i0.wp.com\/mytraveljournal-blog.com\/wp-content\/uploads\/2022\/08\/DSC01691-scaled.jpg?fit=525%2C787&amp;ssl=1\" data-src=\"https:\/\/i0.wp.com\/mytraveljournal-blog.com\/wp-content\/uploads\/2022\/08\/DSC01691.jpg?resize=150%2C150&#038;ssl=1\" alt=\"Park G\u00fcell\" class=\"wp-image-3869 lazyload\" data-srcset=\"https:\/\/i0.wp.com\/mytraveljournal-blog.com\/wp-content\/uploads\/2022\/08\/DSC01691-scaled.jpg?resize=150%2C150&amp;ssl=1 150w, https:\/\/i0.wp.com\/mytraveljournal-blog.com\/wp-content\/uploads\/2022\/08\/DSC01691-scaled.jpg?resize=100%2C100&amp;ssl=1 100w, https:\/\/i0.wp.com\/mytraveljournal-blog.com\/wp-content\/uploads\/2022\/08\/DSC01691-scaled.jpg?zoom=2&amp;resize=150%2C150&amp;ssl=1 300w, https:\/\/i0.wp.com\/mytraveljournal-blog.com\/wp-content\/uploads\/2022\/08\/DSC01691-scaled.jpg?zoom=3&amp;resize=150%2C150&amp;ssl=1 450w\" data-sizes=\"(max-width: 150px) 100vw, 150px\" src=\"data:image\/svg+xml;base64,PHN2ZyB3aWR0aD0iMSIgaGVpZ2h0PSIxIiB4bWxucz0iaHR0cDovL3d3dy53My5vcmcvMjAwMC9zdmciPjwvc3ZnPg==\" style=\"--smush-placeholder-width: 150px; --smush-placeholder-aspect-ratio: 150\/150;\" \/><\/a><\/figure>\n<\/div>\n\n\n<p><strong>Meiner Meinung nach lohnt sich der Besuch. <\/strong>Auch wenn vor ein paar Jahren der ganze Park und sp\u00e4ter zumindest noch ein Teil kostenlos waren. Wegen der vielen Touristen hat sich die Stadt im <strong>Oktober 2013 <\/strong>dazu entschieden, <strong>Geld zu verlangen<\/strong>. Heutzutage m\u00fcssen Touristen <strong>Eintritt zahlen<\/strong>, wenn sie Park G\u00fcell besuchen wollen. Aber die Geb\u00fchr ist mit 10 Euro wirklich okay und wird <strong>in den Erhalt des Parks und der Architektur investiert<\/strong>. Es gib<strong>t keine zeitliche Begrenzung<\/strong>, wie lange du dich mit deinem Ticket im Park aufhalten darfst, aber du kannst ihn nicht wieder betreten, wenn du ihn einmal verlassen hast. <strong>Die Eintrittskarten solltest du schon vor deinem Besuch kaufen<\/strong>, da es vorkommt, dass sie besonders an Wochenenden und Feiertage <strong>schnell ausverkauft<\/strong> sind.<\/p>\n\n\n\n<p>Die Tickets haben ein <strong>Zeitfenster<\/strong>, wobei das Personal uns sagte, dass wir nicht zu der Zeit kommen m\u00fcssten, die auf unseren Tickets angegeben war, nur der richtige Tag sei wichtig (aber die offizielle Seite sagt, dass man den Park innerhalb von 30 Minuten nach der festgelegten Zeit betreten muss). Die Mitarbeiter empfahlen uns, nach 18:30 Uhr zu kommen, weil dann <strong>weniger Leute im Park<\/strong> sind. Allerdings war dieser Tipp im April, als die Sonne bereits gegen 20:30 Uhr unterging.<\/p>\n\n\n\n<p>Der Park ist <strong>von 7:00 bis 22:00 Uhr ge\u00f6ffnet<\/strong>, wobei die Tickets, angepasst an die Saison, nur zwischen 9:00 und 19:30 Uhr verkauft werden. Vor und nach 20 Uhr darf der Park offiziell nur von Anwohnern besucht werden, nicht aber von Touristen. Aber Park G\u00fcell verf\u00fcgt sowieso <strong>nicht \u00fcber k\u00fcnstliche Beleuchtung<\/strong> und sollte daher nicht nur nachts besucht werden, da du sonst die sch\u00f6nen Details von Gaud\u00eds Kunst verpassen w\u00fcrdest. \u00dcbrigens d\u00fcrfen Anwohner, die in der Nachbarschaft des Parks wohnen, diesen jederzeit w\u00e4hrend der \u00d6ffnungszeiten kostenlos besuchen. Ich finde es trotzdem sehr seltsam, dass das Recht nicht f\u00fcr alle B\u00fcrger*innen von Barcelona gilt.<\/p>\n\n\n\n<div class=\"wp-block-jetpack-tiled-gallery aligncenter is-style-rectangular\"><div class=\"tiled-gallery__gallery\"><div class=\"tiled-gallery__row\"><div class=\"tiled-gallery__col\" style=\"flex-basis:23.57647%\"><figure class=\"tiled-gallery__item\"><img decoding=\"async\" data-attachment-id=\"3871\" data-permalink=\"https:\/\/mytraveljournal-blog.com\/de\/visiting-gaudis-architecture\/dsc01697\/\" data-orig-file=\"https:\/\/i0.wp.com\/mytraveljournal-blog.com\/wp-content\/uploads\/2022\/08\/DSC01697-scaled.jpg?fit=1707%2C2560&amp;ssl=1\" data-orig-size=\"1707,2560\" data-comments-opened=\"1\" data-image-meta=\"{&quot;aperture&quot;:&quot;4.5&quot;,&quot;credit&quot;:&quot;&quot;,&quot;camera&quot;:&quot;ILCE-6000&quot;,&quot;caption&quot;:&quot;&quot;,&quot;created_timestamp&quot;:&quot;0&quot;,&quot;copyright&quot;:&quot;&quot;,&quot;focal_length&quot;:&quot;24&quot;,&quot;iso&quot;:&quot;320&quot;,&quot;shutter_speed&quot;:&quot;0.0166666666667&quot;,&quot;title&quot;:&quot;&quot;,&quot;orientation&quot;:&quot;0&quot;}\" data-image-title=\"Park G\u00fcell\" data-image-description=\"\" data-image-caption=\"\" data-large-file=\"https:\/\/i0.wp.com\/mytraveljournal-blog.com\/wp-content\/uploads\/2022\/08\/DSC01697-scaled.jpg?fit=525%2C787&amp;ssl=1\" data-attachment-id=\"3871\" data-permalink=\"https:\/\/mytraveljournal-blog.com\/de\/visiting-gaudis-architecture\/dsc01697\/\" data-orig-file=\"https:\/\/i0.wp.com\/mytraveljournal-blog.com\/wp-content\/uploads\/2022\/08\/DSC01697-scaled.jpg?fit=1707%2C2560&amp;ssl=1\" data-orig-size=\"1707,2560\" data-comments-opened=\"1\" data-image-meta=\"{&quot;aperture&quot;:&quot;4.5&quot;,&quot;credit&quot;:&quot;&quot;,&quot;camera&quot;:&quot;ILCE-6000&quot;,&quot;caption&quot;:&quot;&quot;,&quot;created_timestamp&quot;:&quot;0&quot;,&quot;copyright&quot;:&quot;&quot;,&quot;focal_length&quot;:&quot;24&quot;,&quot;iso&quot;:&quot;320&quot;,&quot;shutter_speed&quot;:&quot;0.0166666666667&quot;,&quot;title&quot;:&quot;&quot;,&quot;orientation&quot;:&quot;0&quot;}\" data-image-title=\"Park G\u00fcell\" data-image-description=\"\" data-image-caption=\"\" data-large-file=\"https:\/\/i0.wp.com\/mytraveljournal-blog.com\/wp-content\/uploads\/2022\/08\/DSC01697-scaled.jpg?fit=525%2C787&amp;ssl=1\" role=\"button\" tabindex=\"0\" aria-label=\"Bild\u00a01 von 13 im Vollbildmodus \u00f6ffnen\"data-srcset=\"https:\/\/i2.wp.com\/mytraveljournal-blog.com\/wp-content\/uploads\/2022\/08\/DSC01697-683x1024.jpg?strip=info&#038;w=600&#038;ssl=1 600w,https:\/\/i2.wp.com\/mytraveljournal-blog.com\/wp-content\/uploads\/2022\/08\/DSC01697-683x1024.jpg?strip=info&#038;w=900&#038;ssl=1 900w,https:\/\/i2.wp.com\/mytraveljournal-blog.com\/wp-content\/uploads\/2022\/08\/DSC01697-683x1024.jpg?strip=info&#038;w=1200&#038;ssl=1 1200w,https:\/\/i2.wp.com\/mytraveljournal-blog.com\/wp-content\/uploads\/2022\/08\/DSC01697-683x1024.jpg?strip=info&#038;w=1500&#038;ssl=1 1500w,https:\/\/i2.wp.com\/mytraveljournal-blog.com\/wp-content\/uploads\/2022\/08\/DSC01697-683x1024.jpg?strip=info&#038;w=1707&#038;ssl=1 1707w\" alt=\"Park G\u00fcell\" data-height=\"2560\" data-id=\"3871\" data-link=\"https:\/\/mytraveljournal-blog.com\/?attachment_id=3871\" data-url=\"https:\/\/mytraveljournal-blog.com\/wp-content\/uploads\/2022\/08\/DSC01697-683x1024.jpg\" data-width=\"1707\" data-src=\"https:\/\/i2.wp.com\/mytraveljournal-blog.com\/wp-content\/uploads\/2022\/08\/DSC01697-683x1024.jpg?ssl=1\" data-amp-layout=\"responsive\" src=\"data:image\/svg+xml;base64,PHN2ZyB3aWR0aD0iMSIgaGVpZ2h0PSIxIiB4bWxucz0iaHR0cDovL3d3dy53My5vcmcvMjAwMC9zdmciPjwvc3ZnPg==\" class=\"lazyload\" style=\"--smush-placeholder-width: 683px; --smush-placeholder-aspect-ratio: 683\/1024;\" \/><\/figure><\/div><div class=\"tiled-gallery__col\" style=\"flex-basis:52.84706%\"><figure class=\"tiled-gallery__item\"><img decoding=\"async\" data-attachment-id=\"3872\" data-permalink=\"https:\/\/mytraveljournal-blog.com\/de\/visiting-gaudis-architecture\/dsc01700\/\" data-orig-file=\"https:\/\/i0.wp.com\/mytraveljournal-blog.com\/wp-content\/uploads\/2022\/08\/DSC01700-scaled.jpg?fit=2560%2C1707&amp;ssl=1\" data-orig-size=\"2560,1707\" data-comments-opened=\"1\" data-image-meta=\"{&quot;aperture&quot;:&quot;4.5&quot;,&quot;credit&quot;:&quot;&quot;,&quot;camera&quot;:&quot;ILCE-6000&quot;,&quot;caption&quot;:&quot;&quot;,&quot;created_timestamp&quot;:&quot;0&quot;,&quot;copyright&quot;:&quot;&quot;,&quot;focal_length&quot;:&quot;27&quot;,&quot;iso&quot;:&quot;320&quot;,&quot;shutter_speed&quot;:&quot;0.0166666666667&quot;,&quot;title&quot;:&quot;&quot;,&quot;orientation&quot;:&quot;0&quot;}\" data-image-title=\"Park G\u00fcell\" data-image-description=\"\" data-image-caption=\"\" data-large-file=\"https:\/\/i0.wp.com\/mytraveljournal-blog.com\/wp-content\/uploads\/2022\/08\/DSC01700-scaled.jpg?fit=525%2C350&amp;ssl=1\" data-attachment-id=\"3872\" data-permalink=\"https:\/\/mytraveljournal-blog.com\/de\/visiting-gaudis-architecture\/dsc01700\/\" data-orig-file=\"https:\/\/i0.wp.com\/mytraveljournal-blog.com\/wp-content\/uploads\/2022\/08\/DSC01700-scaled.jpg?fit=2560%2C1707&amp;ssl=1\" data-orig-size=\"2560,1707\" data-comments-opened=\"1\" data-image-meta=\"{&quot;aperture&quot;:&quot;4.5&quot;,&quot;credit&quot;:&quot;&quot;,&quot;camera&quot;:&quot;ILCE-6000&quot;,&quot;caption&quot;:&quot;&quot;,&quot;created_timestamp&quot;:&quot;0&quot;,&quot;copyright&quot;:&quot;&quot;,&quot;focal_length&quot;:&quot;27&quot;,&quot;iso&quot;:&quot;320&quot;,&quot;shutter_speed&quot;:&quot;0.0166666666667&quot;,&quot;title&quot;:&quot;&quot;,&quot;orientation&quot;:&quot;0&quot;}\" data-image-title=\"Park G\u00fcell\" data-image-description=\"\" data-image-caption=\"\" data-large-file=\"https:\/\/i0.wp.com\/mytraveljournal-blog.com\/wp-content\/uploads\/2022\/08\/DSC01700-scaled.jpg?fit=525%2C350&amp;ssl=1\" role=\"button\" tabindex=\"0\" aria-label=\"Bild\u00a02 von 13 im Vollbildmodus \u00f6ffnen\"data-srcset=\"https:\/\/i0.wp.com\/mytraveljournal-blog.com\/wp-content\/uploads\/2022\/08\/DSC01700-1024x683.jpg?strip=info&#038;w=600&#038;ssl=1 600w,https:\/\/i0.wp.com\/mytraveljournal-blog.com\/wp-content\/uploads\/2022\/08\/DSC01700-1024x683.jpg?strip=info&#038;w=900&#038;ssl=1 900w,https:\/\/i0.wp.com\/mytraveljournal-blog.com\/wp-content\/uploads\/2022\/08\/DSC01700-1024x683.jpg?strip=info&#038;w=1200&#038;ssl=1 1200w,https:\/\/i0.wp.com\/mytraveljournal-blog.com\/wp-content\/uploads\/2022\/08\/DSC01700-1024x683.jpg?strip=info&#038;w=1500&#038;ssl=1 1500w,https:\/\/i0.wp.com\/mytraveljournal-blog.com\/wp-content\/uploads\/2022\/08\/DSC01700-1024x683.jpg?strip=info&#038;w=1800&#038;ssl=1 1800w,https:\/\/i0.wp.com\/mytraveljournal-blog.com\/wp-content\/uploads\/2022\/08\/DSC01700-1024x683.jpg?strip=info&#038;w=2000&#038;ssl=1 2000w\" alt=\"Park G\u00fcell\" data-height=\"1707\" data-id=\"3872\" data-link=\"https:\/\/mytraveljournal-blog.com\/?attachment_id=3872\" data-url=\"https:\/\/mytraveljournal-blog.com\/wp-content\/uploads\/2022\/08\/DSC01700-1024x683.jpg\" data-width=\"2560\" data-src=\"https:\/\/i0.wp.com\/mytraveljournal-blog.com\/wp-content\/uploads\/2022\/08\/DSC01700-1024x683.jpg?ssl=1\" data-amp-layout=\"responsive\" src=\"data:image\/svg+xml;base64,PHN2ZyB3aWR0aD0iMSIgaGVpZ2h0PSIxIiB4bWxucz0iaHR0cDovL3d3dy53My5vcmcvMjAwMC9zdmciPjwvc3ZnPg==\" class=\"lazyload\" style=\"--smush-placeholder-width: 1024px; --smush-placeholder-aspect-ratio: 1024\/683;\" \/><\/figure><\/div><div class=\"tiled-gallery__col\" style=\"flex-basis:23.57647%\"><figure class=\"tiled-gallery__item\"><img decoding=\"async\" data-attachment-id=\"3873\" data-permalink=\"https:\/\/mytraveljournal-blog.com\/de\/visiting-gaudis-architecture\/dsc01707\/\" data-orig-file=\"https:\/\/i0.wp.com\/mytraveljournal-blog.com\/wp-content\/uploads\/2022\/08\/DSC01707-scaled.jpg?fit=1707%2C2560&amp;ssl=1\" data-orig-size=\"1707,2560\" data-comments-opened=\"1\" data-image-meta=\"{&quot;aperture&quot;:&quot;11&quot;,&quot;credit&quot;:&quot;&quot;,&quot;camera&quot;:&quot;ILCE-6000&quot;,&quot;caption&quot;:&quot;&quot;,&quot;created_timestamp&quot;:&quot;0&quot;,&quot;copyright&quot;:&quot;&quot;,&quot;focal_length&quot;:&quot;16&quot;,&quot;iso&quot;:&quot;100&quot;,&quot;shutter_speed&quot;:&quot;0.008&quot;,&quot;title&quot;:&quot;&quot;,&quot;orientation&quot;:&quot;0&quot;}\" data-image-title=\"Park G\u00fcell\" data-image-description=\"\" data-image-caption=\"\" data-large-file=\"https:\/\/i0.wp.com\/mytraveljournal-blog.com\/wp-content\/uploads\/2022\/08\/DSC01707-scaled.jpg?fit=525%2C787&amp;ssl=1\" data-attachment-id=\"3873\" data-permalink=\"https:\/\/mytraveljournal-blog.com\/de\/visiting-gaudis-architecture\/dsc01707\/\" data-orig-file=\"https:\/\/i0.wp.com\/mytraveljournal-blog.com\/wp-content\/uploads\/2022\/08\/DSC01707-scaled.jpg?fit=1707%2C2560&amp;ssl=1\" data-orig-size=\"1707,2560\" data-comments-opened=\"1\" data-image-meta=\"{&quot;aperture&quot;:&quot;11&quot;,&quot;credit&quot;:&quot;&quot;,&quot;camera&quot;:&quot;ILCE-6000&quot;,&quot;caption&quot;:&quot;&quot;,&quot;created_timestamp&quot;:&quot;0&quot;,&quot;copyright&quot;:&quot;&quot;,&quot;focal_length&quot;:&quot;16&quot;,&quot;iso&quot;:&quot;100&quot;,&quot;shutter_speed&quot;:&quot;0.008&quot;,&quot;title&quot;:&quot;&quot;,&quot;orientation&quot;:&quot;0&quot;}\" data-image-title=\"Park G\u00fcell\" data-image-description=\"\" data-image-caption=\"\" data-large-file=\"https:\/\/i0.wp.com\/mytraveljournal-blog.com\/wp-content\/uploads\/2022\/08\/DSC01707-scaled.jpg?fit=525%2C787&amp;ssl=1\" role=\"button\" tabindex=\"0\" aria-label=\"Bild\u00a03 von 13 im Vollbildmodus \u00f6ffnen\"data-srcset=\"https:\/\/i0.wp.com\/mytraveljournal-blog.com\/wp-content\/uploads\/2022\/08\/DSC01707-683x1024.jpg?strip=info&#038;w=600&#038;ssl=1 600w,https:\/\/i0.wp.com\/mytraveljournal-blog.com\/wp-content\/uploads\/2022\/08\/DSC01707-683x1024.jpg?strip=info&#038;w=900&#038;ssl=1 900w,https:\/\/i0.wp.com\/mytraveljournal-blog.com\/wp-content\/uploads\/2022\/08\/DSC01707-683x1024.jpg?strip=info&#038;w=1200&#038;ssl=1 1200w,https:\/\/i0.wp.com\/mytraveljournal-blog.com\/wp-content\/uploads\/2022\/08\/DSC01707-683x1024.jpg?strip=info&#038;w=1500&#038;ssl=1 1500w,https:\/\/i0.wp.com\/mytraveljournal-blog.com\/wp-content\/uploads\/2022\/08\/DSC01707-683x1024.jpg?strip=info&#038;w=1707&#038;ssl=1 1707w\" alt=\"Park G\u00fcell\" data-height=\"2560\" data-id=\"3873\" data-link=\"https:\/\/mytraveljournal-blog.com\/?attachment_id=3873\" data-url=\"https:\/\/mytraveljournal-blog.com\/wp-content\/uploads\/2022\/08\/DSC01707-683x1024.jpg\" data-width=\"1707\" data-src=\"https:\/\/i0.wp.com\/mytraveljournal-blog.com\/wp-content\/uploads\/2022\/08\/DSC01707-683x1024.jpg?ssl=1\" data-amp-layout=\"responsive\" src=\"data:image\/svg+xml;base64,PHN2ZyB3aWR0aD0iMSIgaGVpZ2h0PSIxIiB4bWxucz0iaHR0cDovL3d3dy53My5vcmcvMjAwMC9zdmciPjwvc3ZnPg==\" class=\"lazyload\" style=\"--smush-placeholder-width: 683px; --smush-placeholder-aspect-ratio: 683\/1024;\" \/><\/figure><\/div><\/div><div class=\"tiled-gallery__row\"><div class=\"tiled-gallery__col\" style=\"flex-basis:42.56893%\"><figure class=\"tiled-gallery__item\"><img decoding=\"async\" data-attachment-id=\"3874\" data-permalink=\"https:\/\/mytraveljournal-blog.com\/de\/visiting-gaudis-architecture\/dsc01712\/\" data-orig-file=\"https:\/\/i0.wp.com\/mytraveljournal-blog.com\/wp-content\/uploads\/2022\/08\/DSC01712-scaled.jpg?fit=2560%2C1707&amp;ssl=1\" data-orig-size=\"2560,1707\" data-comments-opened=\"1\" data-image-meta=\"{&quot;aperture&quot;:&quot;11&quot;,&quot;credit&quot;:&quot;&quot;,&quot;camera&quot;:&quot;ILCE-6000&quot;,&quot;caption&quot;:&quot;&quot;,&quot;created_timestamp&quot;:&quot;0&quot;,&quot;copyright&quot;:&quot;&quot;,&quot;focal_length&quot;:&quot;50&quot;,&quot;iso&quot;:&quot;100&quot;,&quot;shutter_speed&quot;:&quot;0.00625&quot;,&quot;title&quot;:&quot;&quot;,&quot;orientation&quot;:&quot;0&quot;}\" data-image-title=\"The view from Park G\u00fcell\" data-image-description=\"\" data-image-caption=\"\" data-large-file=\"https:\/\/i0.wp.com\/mytraveljournal-blog.com\/wp-content\/uploads\/2022\/08\/DSC01712-scaled.jpg?fit=525%2C350&amp;ssl=1\" data-attachment-id=\"3874\" data-permalink=\"https:\/\/mytraveljournal-blog.com\/de\/visiting-gaudis-architecture\/dsc01712\/\" data-orig-file=\"https:\/\/i0.wp.com\/mytraveljournal-blog.com\/wp-content\/uploads\/2022\/08\/DSC01712-scaled.jpg?fit=2560%2C1707&amp;ssl=1\" data-orig-size=\"2560,1707\" data-comments-opened=\"1\" data-image-meta=\"{&quot;aperture&quot;:&quot;11&quot;,&quot;credit&quot;:&quot;&quot;,&quot;camera&quot;:&quot;ILCE-6000&quot;,&quot;caption&quot;:&quot;&quot;,&quot;created_timestamp&quot;:&quot;0&quot;,&quot;copyright&quot;:&quot;&quot;,&quot;focal_length&quot;:&quot;50&quot;,&quot;iso&quot;:&quot;100&quot;,&quot;shutter_speed&quot;:&quot;0.00625&quot;,&quot;title&quot;:&quot;&quot;,&quot;orientation&quot;:&quot;0&quot;}\" data-image-title=\"The view from Park G\u00fcell\" data-image-description=\"\" data-image-caption=\"\" data-large-file=\"https:\/\/i0.wp.com\/mytraveljournal-blog.com\/wp-content\/uploads\/2022\/08\/DSC01712-scaled.jpg?fit=525%2C350&amp;ssl=1\" role=\"button\" tabindex=\"0\" aria-label=\"Bild\u00a04 von 13 im Vollbildmodus \u00f6ffnen\"data-srcset=\"https:\/\/i1.wp.com\/mytraveljournal-blog.com\/wp-content\/uploads\/2022\/08\/DSC01712-1024x683.jpg?strip=info&#038;w=600&#038;ssl=1 600w,https:\/\/i1.wp.com\/mytraveljournal-blog.com\/wp-content\/uploads\/2022\/08\/DSC01712-1024x683.jpg?strip=info&#038;w=900&#038;ssl=1 900w,https:\/\/i1.wp.com\/mytraveljournal-blog.com\/wp-content\/uploads\/2022\/08\/DSC01712-1024x683.jpg?strip=info&#038;w=1200&#038;ssl=1 1200w,https:\/\/i1.wp.com\/mytraveljournal-blog.com\/wp-content\/uploads\/2022\/08\/DSC01712-1024x683.jpg?strip=info&#038;w=1500&#038;ssl=1 1500w,https:\/\/i1.wp.com\/mytraveljournal-blog.com\/wp-content\/uploads\/2022\/08\/DSC01712-1024x683.jpg?strip=info&#038;w=1800&#038;ssl=1 1800w,https:\/\/i1.wp.com\/mytraveljournal-blog.com\/wp-content\/uploads\/2022\/08\/DSC01712-1024x683.jpg?strip=info&#038;w=2000&#038;ssl=1 2000w\" alt=\"The view from Park G\u00fcell\" data-height=\"1707\" data-id=\"3874\" data-link=\"https:\/\/mytraveljournal-blog.com\/?attachment_id=3874\" data-url=\"https:\/\/mytraveljournal-blog.com\/wp-content\/uploads\/2022\/08\/DSC01712-1024x683.jpg\" data-width=\"2560\" data-src=\"https:\/\/i1.wp.com\/mytraveljournal-blog.com\/wp-content\/uploads\/2022\/08\/DSC01712-1024x683.jpg?ssl=1\" data-amp-layout=\"responsive\" src=\"data:image\/svg+xml;base64,PHN2ZyB3aWR0aD0iMSIgaGVpZ2h0PSIxIiB4bWxucz0iaHR0cDovL3d3dy53My5vcmcvMjAwMC9zdmciPjwvc3ZnPg==\" class=\"lazyload\" style=\"--smush-placeholder-width: 1024px; --smush-placeholder-aspect-ratio: 1024\/683;\" \/><\/figure><figure class=\"tiled-gallery__item\"><img decoding=\"async\" data-attachment-id=\"3875\" data-permalink=\"https:\/\/mytraveljournal-blog.com\/de\/visiting-gaudis-architecture\/dsc01718\/\" data-orig-file=\"https:\/\/i0.wp.com\/mytraveljournal-blog.com\/wp-content\/uploads\/2022\/08\/DSC01718-scaled.jpg?fit=2560%2C1707&amp;ssl=1\" data-orig-size=\"2560,1707\" data-comments-opened=\"1\" data-image-meta=\"{&quot;aperture&quot;:&quot;11&quot;,&quot;credit&quot;:&quot;&quot;,&quot;camera&quot;:&quot;ILCE-6000&quot;,&quot;caption&quot;:&quot;&quot;,&quot;created_timestamp&quot;:&quot;0&quot;,&quot;copyright&quot;:&quot;&quot;,&quot;focal_length&quot;:&quot;19&quot;,&quot;iso&quot;:&quot;100&quot;,&quot;shutter_speed&quot;:&quot;0.008&quot;,&quot;title&quot;:&quot;&quot;,&quot;orientation&quot;:&quot;0&quot;}\" data-image-title=\"Casa Gaud\u00ed in Park G\u00fcell\" data-image-description=\"\" data-image-caption=\"\" data-large-file=\"https:\/\/i0.wp.com\/mytraveljournal-blog.com\/wp-content\/uploads\/2022\/08\/DSC01718-scaled.jpg?fit=525%2C350&amp;ssl=1\" data-attachment-id=\"3875\" data-permalink=\"https:\/\/mytraveljournal-blog.com\/de\/visiting-gaudis-architecture\/dsc01718\/\" data-orig-file=\"https:\/\/i0.wp.com\/mytraveljournal-blog.com\/wp-content\/uploads\/2022\/08\/DSC01718-scaled.jpg?fit=2560%2C1707&amp;ssl=1\" data-orig-size=\"2560,1707\" data-comments-opened=\"1\" data-image-meta=\"{&quot;aperture&quot;:&quot;11&quot;,&quot;credit&quot;:&quot;&quot;,&quot;camera&quot;:&quot;ILCE-6000&quot;,&quot;caption&quot;:&quot;&quot;,&quot;created_timestamp&quot;:&quot;0&quot;,&quot;copyright&quot;:&quot;&quot;,&quot;focal_length&quot;:&quot;19&quot;,&quot;iso&quot;:&quot;100&quot;,&quot;shutter_speed&quot;:&quot;0.008&quot;,&quot;title&quot;:&quot;&quot;,&quot;orientation&quot;:&quot;0&quot;}\" data-image-title=\"Casa Gaud\u00ed in Park G\u00fcell\" data-image-description=\"\" data-image-caption=\"\" data-large-file=\"https:\/\/i0.wp.com\/mytraveljournal-blog.com\/wp-content\/uploads\/2022\/08\/DSC01718-scaled.jpg?fit=525%2C350&amp;ssl=1\" role=\"button\" tabindex=\"0\" aria-label=\"Bild\u00a05 von 13 im Vollbildmodus \u00f6ffnen\"data-srcset=\"https:\/\/i2.wp.com\/mytraveljournal-blog.com\/wp-content\/uploads\/2022\/08\/DSC01718-1024x683.jpg?strip=info&#038;w=600&#038;ssl=1 600w,https:\/\/i2.wp.com\/mytraveljournal-blog.com\/wp-content\/uploads\/2022\/08\/DSC01718-1024x683.jpg?strip=info&#038;w=900&#038;ssl=1 900w,https:\/\/i2.wp.com\/mytraveljournal-blog.com\/wp-content\/uploads\/2022\/08\/DSC01718-1024x683.jpg?strip=info&#038;w=1200&#038;ssl=1 1200w,https:\/\/i2.wp.com\/mytraveljournal-blog.com\/wp-content\/uploads\/2022\/08\/DSC01718-1024x683.jpg?strip=info&#038;w=1500&#038;ssl=1 1500w,https:\/\/i2.wp.com\/mytraveljournal-blog.com\/wp-content\/uploads\/2022\/08\/DSC01718-1024x683.jpg?strip=info&#038;w=1800&#038;ssl=1 1800w,https:\/\/i2.wp.com\/mytraveljournal-blog.com\/wp-content\/uploads\/2022\/08\/DSC01718-1024x683.jpg?strip=info&#038;w=2000&#038;ssl=1 2000w\" alt=\"Casa Gaud\u00ed in Park G\u00fcell\" data-height=\"1707\" data-id=\"3875\" data-link=\"https:\/\/mytraveljournal-blog.com\/?attachment_id=3875\" data-url=\"https:\/\/mytraveljournal-blog.com\/wp-content\/uploads\/2022\/08\/DSC01718-1024x683.jpg\" data-width=\"2560\" data-src=\"https:\/\/i2.wp.com\/mytraveljournal-blog.com\/wp-content\/uploads\/2022\/08\/DSC01718-1024x683.jpg?ssl=1\" data-amp-layout=\"responsive\" src=\"data:image\/svg+xml;base64,PHN2ZyB3aWR0aD0iMSIgaGVpZ2h0PSIxIiB4bWxucz0iaHR0cDovL3d3dy53My5vcmcvMjAwMC9zdmciPjwvc3ZnPg==\" class=\"lazyload\" style=\"--smush-placeholder-width: 1024px; --smush-placeholder-aspect-ratio: 1024\/683;\" \/><\/figure><figure class=\"tiled-gallery__item\"><img decoding=\"async\" data-attachment-id=\"3876\" data-permalink=\"https:\/\/mytraveljournal-blog.com\/de\/visiting-gaudis-architecture\/dsc01720\/\" data-orig-file=\"https:\/\/i0.wp.com\/mytraveljournal-blog.com\/wp-content\/uploads\/2022\/08\/DSC01720-scaled.jpg?fit=2560%2C1707&amp;ssl=1\" data-orig-size=\"2560,1707\" data-comments-opened=\"1\" data-image-meta=\"{&quot;aperture&quot;:&quot;4.5&quot;,&quot;credit&quot;:&quot;&quot;,&quot;camera&quot;:&quot;ILCE-6000&quot;,&quot;caption&quot;:&quot;&quot;,&quot;created_timestamp&quot;:&quot;0&quot;,&quot;copyright&quot;:&quot;&quot;,&quot;focal_length&quot;:&quot;25&quot;,&quot;iso&quot;:&quot;125&quot;,&quot;shutter_speed&quot;:&quot;0.0166666666667&quot;,&quot;title&quot;:&quot;&quot;,&quot;orientation&quot;:&quot;0&quot;}\" data-image-title=\"Park G\u00fcell\" data-image-description=\"\" data-image-caption=\"\" data-large-file=\"https:\/\/i0.wp.com\/mytraveljournal-blog.com\/wp-content\/uploads\/2022\/08\/DSC01720-scaled.jpg?fit=525%2C350&amp;ssl=1\" data-attachment-id=\"3876\" data-permalink=\"https:\/\/mytraveljournal-blog.com\/de\/visiting-gaudis-architecture\/dsc01720\/\" data-orig-file=\"https:\/\/i0.wp.com\/mytraveljournal-blog.com\/wp-content\/uploads\/2022\/08\/DSC01720-scaled.jpg?fit=2560%2C1707&amp;ssl=1\" data-orig-size=\"2560,1707\" data-comments-opened=\"1\" data-image-meta=\"{&quot;aperture&quot;:&quot;4.5&quot;,&quot;credit&quot;:&quot;&quot;,&quot;camera&quot;:&quot;ILCE-6000&quot;,&quot;caption&quot;:&quot;&quot;,&quot;created_timestamp&quot;:&quot;0&quot;,&quot;copyright&quot;:&quot;&quot;,&quot;focal_length&quot;:&quot;25&quot;,&quot;iso&quot;:&quot;125&quot;,&quot;shutter_speed&quot;:&quot;0.0166666666667&quot;,&quot;title&quot;:&quot;&quot;,&quot;orientation&quot;:&quot;0&quot;}\" data-image-title=\"Park G\u00fcell\" data-image-description=\"\" data-image-caption=\"\" data-large-file=\"https:\/\/i0.wp.com\/mytraveljournal-blog.com\/wp-content\/uploads\/2022\/08\/DSC01720-scaled.jpg?fit=525%2C350&amp;ssl=1\" role=\"button\" tabindex=\"0\" aria-label=\"Bild\u00a06 von 13 im Vollbildmodus \u00f6ffnen\"data-srcset=\"https:\/\/i0.wp.com\/mytraveljournal-blog.com\/wp-content\/uploads\/2022\/08\/DSC01720-1024x683.jpg?strip=info&#038;w=600&#038;ssl=1 600w,https:\/\/i0.wp.com\/mytraveljournal-blog.com\/wp-content\/uploads\/2022\/08\/DSC01720-1024x683.jpg?strip=info&#038;w=900&#038;ssl=1 900w,https:\/\/i0.wp.com\/mytraveljournal-blog.com\/wp-content\/uploads\/2022\/08\/DSC01720-1024x683.jpg?strip=info&#038;w=1200&#038;ssl=1 1200w,https:\/\/i0.wp.com\/mytraveljournal-blog.com\/wp-content\/uploads\/2022\/08\/DSC01720-1024x683.jpg?strip=info&#038;w=1500&#038;ssl=1 1500w,https:\/\/i0.wp.com\/mytraveljournal-blog.com\/wp-content\/uploads\/2022\/08\/DSC01720-1024x683.jpg?strip=info&#038;w=1800&#038;ssl=1 1800w,https:\/\/i0.wp.com\/mytraveljournal-blog.com\/wp-content\/uploads\/2022\/08\/DSC01720-1024x683.jpg?strip=info&#038;w=2000&#038;ssl=1 2000w\" alt=\"Park G\u00fcell\" data-height=\"1707\" data-id=\"3876\" data-link=\"https:\/\/mytraveljournal-blog.com\/?attachment_id=3876\" data-url=\"https:\/\/mytraveljournal-blog.com\/wp-content\/uploads\/2022\/08\/DSC01720-1024x683.jpg\" data-width=\"2560\" data-src=\"https:\/\/i0.wp.com\/mytraveljournal-blog.com\/wp-content\/uploads\/2022\/08\/DSC01720-1024x683.jpg?ssl=1\" data-amp-layout=\"responsive\" src=\"data:image\/svg+xml;base64,PHN2ZyB3aWR0aD0iMSIgaGVpZ2h0PSIxIiB4bWxucz0iaHR0cDovL3d3dy53My5vcmcvMjAwMC9zdmciPjwvc3ZnPg==\" class=\"lazyload\" style=\"--smush-placeholder-width: 1024px; --smush-placeholder-aspect-ratio: 1024\/683;\" \/><\/figure><\/div><div class=\"tiled-gallery__col\" style=\"flex-basis:57.43107%\"><figure class=\"tiled-gallery__item\"><img decoding=\"async\" data-attachment-id=\"3881\" data-permalink=\"https:\/\/mytraveljournal-blog.com\/de\/visiting-gaudis-architecture\/dsc01843\/\" data-orig-file=\"https:\/\/i0.wp.com\/mytraveljournal-blog.com\/wp-content\/uploads\/2022\/08\/DSC01843-scaled.jpg?fit=1707%2C2560&amp;ssl=1\" data-orig-size=\"1707,2560\" data-comments-opened=\"1\" data-image-meta=\"{&quot;aperture&quot;:&quot;7.1&quot;,&quot;credit&quot;:&quot;&quot;,&quot;camera&quot;:&quot;ILCE-6000&quot;,&quot;caption&quot;:&quot;&quot;,&quot;created_timestamp&quot;:&quot;0&quot;,&quot;copyright&quot;:&quot;&quot;,&quot;focal_length&quot;:&quot;16&quot;,&quot;iso&quot;:&quot;100&quot;,&quot;shutter_speed&quot;:&quot;0.0125&quot;,&quot;title&quot;:&quot;&quot;,&quot;orientation&quot;:&quot;0&quot;}\" data-image-title=\"Park G\u00fcell\" data-image-description=\"\" data-image-caption=\"\" data-large-file=\"https:\/\/i0.wp.com\/mytraveljournal-blog.com\/wp-content\/uploads\/2022\/08\/DSC01843-scaled.jpg?fit=525%2C787&amp;ssl=1\" data-attachment-id=\"3881\" data-permalink=\"https:\/\/mytraveljournal-blog.com\/de\/visiting-gaudis-architecture\/dsc01843\/\" data-orig-file=\"https:\/\/i0.wp.com\/mytraveljournal-blog.com\/wp-content\/uploads\/2022\/08\/DSC01843-scaled.jpg?fit=1707%2C2560&amp;ssl=1\" data-orig-size=\"1707,2560\" data-comments-opened=\"1\" data-image-meta=\"{&quot;aperture&quot;:&quot;7.1&quot;,&quot;credit&quot;:&quot;&quot;,&quot;camera&quot;:&quot;ILCE-6000&quot;,&quot;caption&quot;:&quot;&quot;,&quot;created_timestamp&quot;:&quot;0&quot;,&quot;copyright&quot;:&quot;&quot;,&quot;focal_length&quot;:&quot;16&quot;,&quot;iso&quot;:&quot;100&quot;,&quot;shutter_speed&quot;:&quot;0.0125&quot;,&quot;title&quot;:&quot;&quot;,&quot;orientation&quot;:&quot;0&quot;}\" data-image-title=\"Park G\u00fcell\" data-image-description=\"\" data-image-caption=\"\" data-large-file=\"https:\/\/i0.wp.com\/mytraveljournal-blog.com\/wp-content\/uploads\/2022\/08\/DSC01843-scaled.jpg?fit=525%2C787&amp;ssl=1\" role=\"button\" tabindex=\"0\" aria-label=\"Bild\u00a07 von 13 im Vollbildmodus \u00f6ffnen\"data-srcset=\"https:\/\/i1.wp.com\/mytraveljournal-blog.com\/wp-content\/uploads\/2022\/08\/DSC01843-683x1024.jpg?strip=info&#038;w=600&#038;ssl=1 600w,https:\/\/i1.wp.com\/mytraveljournal-blog.com\/wp-content\/uploads\/2022\/08\/DSC01843-683x1024.jpg?strip=info&#038;w=900&#038;ssl=1 900w,https:\/\/i1.wp.com\/mytraveljournal-blog.com\/wp-content\/uploads\/2022\/08\/DSC01843-683x1024.jpg?strip=info&#038;w=1200&#038;ssl=1 1200w,https:\/\/i1.wp.com\/mytraveljournal-blog.com\/wp-content\/uploads\/2022\/08\/DSC01843-683x1024.jpg?strip=info&#038;w=1500&#038;ssl=1 1500w,https:\/\/i1.wp.com\/mytraveljournal-blog.com\/wp-content\/uploads\/2022\/08\/DSC01843-683x1024.jpg?strip=info&#038;w=1707&#038;ssl=1 1707w\" alt=\"Park G\u00fcell\" data-height=\"2560\" data-id=\"3881\" data-link=\"https:\/\/mytraveljournal-blog.com\/?attachment_id=3881\" data-url=\"https:\/\/mytraveljournal-blog.com\/wp-content\/uploads\/2022\/08\/DSC01843-683x1024.jpg\" data-width=\"1707\" data-src=\"https:\/\/i1.wp.com\/mytraveljournal-blog.com\/wp-content\/uploads\/2022\/08\/DSC01843-683x1024.jpg?ssl=1\" data-amp-layout=\"responsive\" src=\"data:image\/svg+xml;base64,PHN2ZyB3aWR0aD0iMSIgaGVpZ2h0PSIxIiB4bWxucz0iaHR0cDovL3d3dy53My5vcmcvMjAwMC9zdmciPjwvc3ZnPg==\" class=\"lazyload\" style=\"--smush-placeholder-width: 683px; --smush-placeholder-aspect-ratio: 683\/1024;\" \/><\/figure><\/div><\/div><div class=\"tiled-gallery__row\"><div class=\"tiled-gallery__col\" style=\"flex-basis:30.84046%\"><figure class=\"tiled-gallery__item\"><img decoding=\"async\" data-attachment-id=\"3877\" data-permalink=\"https:\/\/mytraveljournal-blog.com\/de\/visiting-gaudis-architecture\/dsc01785\/\" data-orig-file=\"https:\/\/i0.wp.com\/mytraveljournal-blog.com\/wp-content\/uploads\/2022\/08\/DSC01785-scaled.jpg?fit=1707%2C2560&amp;ssl=1\" data-orig-size=\"1707,2560\" data-comments-opened=\"1\" data-image-meta=\"{&quot;aperture&quot;:&quot;4&quot;,&quot;credit&quot;:&quot;&quot;,&quot;camera&quot;:&quot;ILCE-6000&quot;,&quot;caption&quot;:&quot;&quot;,&quot;created_timestamp&quot;:&quot;0&quot;,&quot;copyright&quot;:&quot;&quot;,&quot;focal_length&quot;:&quot;16&quot;,&quot;iso&quot;:&quot;1000&quot;,&quot;shutter_speed&quot;:&quot;0.00625&quot;,&quot;title&quot;:&quot;&quot;,&quot;orientation&quot;:&quot;0&quot;}\" data-image-title=\"Park G\u00fcell\" data-image-description=\"\" data-image-caption=\"\" data-large-file=\"https:\/\/i0.wp.com\/mytraveljournal-blog.com\/wp-content\/uploads\/2022\/08\/DSC01785-scaled.jpg?fit=525%2C787&amp;ssl=1\" data-attachment-id=\"3877\" data-permalink=\"https:\/\/mytraveljournal-blog.com\/de\/visiting-gaudis-architecture\/dsc01785\/\" data-orig-file=\"https:\/\/i0.wp.com\/mytraveljournal-blog.com\/wp-content\/uploads\/2022\/08\/DSC01785-scaled.jpg?fit=1707%2C2560&amp;ssl=1\" data-orig-size=\"1707,2560\" data-comments-opened=\"1\" data-image-meta=\"{&quot;aperture&quot;:&quot;4&quot;,&quot;credit&quot;:&quot;&quot;,&quot;camera&quot;:&quot;ILCE-6000&quot;,&quot;caption&quot;:&quot;&quot;,&quot;created_timestamp&quot;:&quot;0&quot;,&quot;copyright&quot;:&quot;&quot;,&quot;focal_length&quot;:&quot;16&quot;,&quot;iso&quot;:&quot;1000&quot;,&quot;shutter_speed&quot;:&quot;0.00625&quot;,&quot;title&quot;:&quot;&quot;,&quot;orientation&quot;:&quot;0&quot;}\" data-image-title=\"Park G\u00fcell\" data-image-description=\"\" data-image-caption=\"\" data-large-file=\"https:\/\/i0.wp.com\/mytraveljournal-blog.com\/wp-content\/uploads\/2022\/08\/DSC01785-scaled.jpg?fit=525%2C787&amp;ssl=1\" role=\"button\" tabindex=\"0\" aria-label=\"Bild\u00a08 von 13 im Vollbildmodus \u00f6ffnen\"data-srcset=\"https:\/\/i1.wp.com\/mytraveljournal-blog.com\/wp-content\/uploads\/2022\/08\/DSC01785-683x1024.jpg?strip=info&#038;w=600&#038;ssl=1 600w,https:\/\/i1.wp.com\/mytraveljournal-blog.com\/wp-content\/uploads\/2022\/08\/DSC01785-683x1024.jpg?strip=info&#038;w=900&#038;ssl=1 900w,https:\/\/i1.wp.com\/mytraveljournal-blog.com\/wp-content\/uploads\/2022\/08\/DSC01785-683x1024.jpg?strip=info&#038;w=1200&#038;ssl=1 1200w,https:\/\/i1.wp.com\/mytraveljournal-blog.com\/wp-content\/uploads\/2022\/08\/DSC01785-683x1024.jpg?strip=info&#038;w=1500&#038;ssl=1 1500w,https:\/\/i1.wp.com\/mytraveljournal-blog.com\/wp-content\/uploads\/2022\/08\/DSC01785-683x1024.jpg?strip=info&#038;w=1707&#038;ssl=1 1707w\" alt=\"Park G\u00fcell\" data-height=\"2560\" data-id=\"3877\" data-link=\"https:\/\/mytraveljournal-blog.com\/?attachment_id=3877\" data-url=\"https:\/\/mytraveljournal-blog.com\/wp-content\/uploads\/2022\/08\/DSC01785-683x1024.jpg\" data-width=\"1707\" data-src=\"https:\/\/i1.wp.com\/mytraveljournal-blog.com\/wp-content\/uploads\/2022\/08\/DSC01785-683x1024.jpg?ssl=1\" data-amp-layout=\"responsive\" src=\"data:image\/svg+xml;base64,PHN2ZyB3aWR0aD0iMSIgaGVpZ2h0PSIxIiB4bWxucz0iaHR0cDovL3d3dy53My5vcmcvMjAwMC9zdmciPjwvc3ZnPg==\" class=\"lazyload\" style=\"--smush-placeholder-width: 683px; --smush-placeholder-aspect-ratio: 683\/1024;\" \/><\/figure><\/div><div class=\"tiled-gallery__col\" style=\"flex-basis:69.15954%\"><figure class=\"tiled-gallery__item\"><img decoding=\"async\" data-attachment-id=\"3878\" data-permalink=\"https:\/\/mytraveljournal-blog.com\/de\/visiting-gaudis-architecture\/dsc01809\/\" data-orig-file=\"https:\/\/i0.wp.com\/mytraveljournal-blog.com\/wp-content\/uploads\/2022\/08\/DSC01809-scaled.jpg?fit=2560%2C1707&amp;ssl=1\" data-orig-size=\"2560,1707\" data-comments-opened=\"1\" data-image-meta=\"{&quot;aperture&quot;:&quot;6.3&quot;,&quot;credit&quot;:&quot;&quot;,&quot;camera&quot;:&quot;ILCE-6000&quot;,&quot;caption&quot;:&quot;&quot;,&quot;created_timestamp&quot;:&quot;0&quot;,&quot;copyright&quot;:&quot;&quot;,&quot;focal_length&quot;:&quot;29&quot;,&quot;iso&quot;:&quot;100&quot;,&quot;shutter_speed&quot;:&quot;0.0125&quot;,&quot;title&quot;:&quot;&quot;,&quot;orientation&quot;:&quot;0&quot;}\" data-image-title=\"Park G\u00fcell\" data-image-description=\"\" data-image-caption=\"\" data-large-file=\"https:\/\/i0.wp.com\/mytraveljournal-blog.com\/wp-content\/uploads\/2022\/08\/DSC01809-scaled.jpg?fit=525%2C350&amp;ssl=1\" data-attachment-id=\"3878\" data-permalink=\"https:\/\/mytraveljournal-blog.com\/de\/visiting-gaudis-architecture\/dsc01809\/\" data-orig-file=\"https:\/\/i0.wp.com\/mytraveljournal-blog.com\/wp-content\/uploads\/2022\/08\/DSC01809-scaled.jpg?fit=2560%2C1707&amp;ssl=1\" data-orig-size=\"2560,1707\" data-comments-opened=\"1\" data-image-meta=\"{&quot;aperture&quot;:&quot;6.3&quot;,&quot;credit&quot;:&quot;&quot;,&quot;camera&quot;:&quot;ILCE-6000&quot;,&quot;caption&quot;:&quot;&quot;,&quot;created_timestamp&quot;:&quot;0&quot;,&quot;copyright&quot;:&quot;&quot;,&quot;focal_length&quot;:&quot;29&quot;,&quot;iso&quot;:&quot;100&quot;,&quot;shutter_speed&quot;:&quot;0.0125&quot;,&quot;title&quot;:&quot;&quot;,&quot;orientation&quot;:&quot;0&quot;}\" data-image-title=\"Park G\u00fcell\" data-image-description=\"\" data-image-caption=\"\" data-large-file=\"https:\/\/i0.wp.com\/mytraveljournal-blog.com\/wp-content\/uploads\/2022\/08\/DSC01809-scaled.jpg?fit=525%2C350&amp;ssl=1\" role=\"button\" tabindex=\"0\" aria-label=\"Bild\u00a09 von 13 im Vollbildmodus \u00f6ffnen\"data-srcset=\"https:\/\/i2.wp.com\/mytraveljournal-blog.com\/wp-content\/uploads\/2022\/08\/DSC01809-1024x683.jpg?strip=info&#038;w=600&#038;ssl=1 600w,https:\/\/i2.wp.com\/mytraveljournal-blog.com\/wp-content\/uploads\/2022\/08\/DSC01809-1024x683.jpg?strip=info&#038;w=900&#038;ssl=1 900w,https:\/\/i2.wp.com\/mytraveljournal-blog.com\/wp-content\/uploads\/2022\/08\/DSC01809-1024x683.jpg?strip=info&#038;w=1200&#038;ssl=1 1200w,https:\/\/i2.wp.com\/mytraveljournal-blog.com\/wp-content\/uploads\/2022\/08\/DSC01809-1024x683.jpg?strip=info&#038;w=1500&#038;ssl=1 1500w,https:\/\/i2.wp.com\/mytraveljournal-blog.com\/wp-content\/uploads\/2022\/08\/DSC01809-1024x683.jpg?strip=info&#038;w=1800&#038;ssl=1 1800w,https:\/\/i2.wp.com\/mytraveljournal-blog.com\/wp-content\/uploads\/2022\/08\/DSC01809-1024x683.jpg?strip=info&#038;w=2000&#038;ssl=1 2000w\" alt=\"Park G\u00fcell\" data-height=\"1707\" data-id=\"3878\" data-link=\"https:\/\/mytraveljournal-blog.com\/?attachment_id=3878\" data-url=\"https:\/\/mytraveljournal-blog.com\/wp-content\/uploads\/2022\/08\/DSC01809-1024x683.jpg\" data-width=\"2560\" data-src=\"https:\/\/i2.wp.com\/mytraveljournal-blog.com\/wp-content\/uploads\/2022\/08\/DSC01809-1024x683.jpg?ssl=1\" data-amp-layout=\"responsive\" src=\"data:image\/svg+xml;base64,PHN2ZyB3aWR0aD0iMSIgaGVpZ2h0PSIxIiB4bWxucz0iaHR0cDovL3d3dy53My5vcmcvMjAwMC9zdmciPjwvc3ZnPg==\" class=\"lazyload\" style=\"--smush-placeholder-width: 1024px; --smush-placeholder-aspect-ratio: 1024\/683;\" \/><\/figure><\/div><\/div><div class=\"tiled-gallery__row\"><div class=\"tiled-gallery__col\" style=\"flex-basis:25.00365%\"><figure class=\"tiled-gallery__item\"><img decoding=\"async\" data-attachment-id=\"3880\" data-permalink=\"https:\/\/mytraveljournal-blog.com\/de\/visiting-gaudis-architecture\/dsc01825\/\" data-orig-file=\"https:\/\/i0.wp.com\/mytraveljournal-blog.com\/wp-content\/uploads\/2022\/08\/DSC01825-scaled.jpg?fit=1707%2C2560&amp;ssl=1\" data-orig-size=\"1707,2560\" data-comments-opened=\"1\" data-image-meta=\"{&quot;aperture&quot;:&quot;5.6&quot;,&quot;credit&quot;:&quot;&quot;,&quot;camera&quot;:&quot;ILCE-6000&quot;,&quot;caption&quot;:&quot;&quot;,&quot;created_timestamp&quot;:&quot;0&quot;,&quot;copyright&quot;:&quot;&quot;,&quot;focal_length&quot;:&quot;50&quot;,&quot;iso&quot;:&quot;100&quot;,&quot;shutter_speed&quot;:&quot;0.0125&quot;,&quot;title&quot;:&quot;&quot;,&quot;orientation&quot;:&quot;0&quot;}\" data-image-title=\"The benches in Park G\u00fcell\" data-image-description=\"\" data-image-caption=\"\" data-large-file=\"https:\/\/i0.wp.com\/mytraveljournal-blog.com\/wp-content\/uploads\/2022\/08\/DSC01825-scaled.jpg?fit=525%2C787&amp;ssl=1\" data-attachment-id=\"3880\" data-permalink=\"https:\/\/mytraveljournal-blog.com\/de\/visiting-gaudis-architecture\/dsc01825\/\" data-orig-file=\"https:\/\/i0.wp.com\/mytraveljournal-blog.com\/wp-content\/uploads\/2022\/08\/DSC01825-scaled.jpg?fit=1707%2C2560&amp;ssl=1\" data-orig-size=\"1707,2560\" data-comments-opened=\"1\" data-image-meta=\"{&quot;aperture&quot;:&quot;5.6&quot;,&quot;credit&quot;:&quot;&quot;,&quot;camera&quot;:&quot;ILCE-6000&quot;,&quot;caption&quot;:&quot;&quot;,&quot;created_timestamp&quot;:&quot;0&quot;,&quot;copyright&quot;:&quot;&quot;,&quot;focal_length&quot;:&quot;50&quot;,&quot;iso&quot;:&quot;100&quot;,&quot;shutter_speed&quot;:&quot;0.0125&quot;,&quot;title&quot;:&quot;&quot;,&quot;orientation&quot;:&quot;0&quot;}\" data-image-title=\"The benches in Park G\u00fcell\" data-image-description=\"\" data-image-caption=\"\" data-large-file=\"https:\/\/i0.wp.com\/mytraveljournal-blog.com\/wp-content\/uploads\/2022\/08\/DSC01825-scaled.jpg?fit=525%2C787&amp;ssl=1\" role=\"button\" tabindex=\"0\" aria-label=\"Bild\u00a010 von 13 im Vollbildmodus \u00f6ffnen\"data-srcset=\"https:\/\/i0.wp.com\/mytraveljournal-blog.com\/wp-content\/uploads\/2022\/08\/DSC01825-683x1024.jpg?strip=info&#038;w=600&#038;ssl=1 600w,https:\/\/i0.wp.com\/mytraveljournal-blog.com\/wp-content\/uploads\/2022\/08\/DSC01825-683x1024.jpg?strip=info&#038;w=900&#038;ssl=1 900w,https:\/\/i0.wp.com\/mytraveljournal-blog.com\/wp-content\/uploads\/2022\/08\/DSC01825-683x1024.jpg?strip=info&#038;w=1200&#038;ssl=1 1200w,https:\/\/i0.wp.com\/mytraveljournal-blog.com\/wp-content\/uploads\/2022\/08\/DSC01825-683x1024.jpg?strip=info&#038;w=1500&#038;ssl=1 1500w,https:\/\/i0.wp.com\/mytraveljournal-blog.com\/wp-content\/uploads\/2022\/08\/DSC01825-683x1024.jpg?strip=info&#038;w=1707&#038;ssl=1 1707w\" alt=\"The benches in Park G\u00fcell\" data-height=\"2560\" data-id=\"3880\" data-link=\"https:\/\/mytraveljournal-blog.com\/?attachment_id=3880\" data-url=\"https:\/\/mytraveljournal-blog.com\/wp-content\/uploads\/2022\/08\/DSC01825-683x1024.jpg\" data-width=\"1707\" data-src=\"https:\/\/i0.wp.com\/mytraveljournal-blog.com\/wp-content\/uploads\/2022\/08\/DSC01825-683x1024.jpg?ssl=1\" data-amp-layout=\"responsive\" src=\"data:image\/svg+xml;base64,PHN2ZyB3aWR0aD0iMSIgaGVpZ2h0PSIxIiB4bWxucz0iaHR0cDovL3d3dy53My5vcmcvMjAwMC9zdmciPjwvc3ZnPg==\" class=\"lazyload\" style=\"--smush-placeholder-width: 683px; --smush-placeholder-aspect-ratio: 683\/1024;\" \/><\/figure><\/div><div class=\"tiled-gallery__col\" style=\"flex-basis:25.00365%\"><figure class=\"tiled-gallery__item\"><img decoding=\"async\" data-attachment-id=\"3879\" data-permalink=\"https:\/\/mytraveljournal-blog.com\/de\/visiting-gaudis-architecture\/dsc01816\/\" data-orig-file=\"https:\/\/i0.wp.com\/mytraveljournal-blog.com\/wp-content\/uploads\/2022\/08\/DSC01816-scaled.jpg?fit=1707%2C2560&amp;ssl=1\" data-orig-size=\"1707,2560\" data-comments-opened=\"1\" data-image-meta=\"{&quot;aperture&quot;:&quot;5&quot;,&quot;credit&quot;:&quot;&quot;,&quot;camera&quot;:&quot;ILCE-6000&quot;,&quot;caption&quot;:&quot;&quot;,&quot;created_timestamp&quot;:&quot;0&quot;,&quot;copyright&quot;:&quot;&quot;,&quot;focal_length&quot;:&quot;25&quot;,&quot;iso&quot;:&quot;100&quot;,&quot;shutter_speed&quot;:&quot;0.0166666666667&quot;,&quot;title&quot;:&quot;&quot;,&quot;orientation&quot;:&quot;0&quot;}\" data-image-title=\"Park G\u00fcell\" data-image-description=\"\" data-image-caption=\"\" data-large-file=\"https:\/\/i0.wp.com\/mytraveljournal-blog.com\/wp-content\/uploads\/2022\/08\/DSC01816-scaled.jpg?fit=525%2C787&amp;ssl=1\" data-attachment-id=\"3879\" data-permalink=\"https:\/\/mytraveljournal-blog.com\/de\/visiting-gaudis-architecture\/dsc01816\/\" data-orig-file=\"https:\/\/i0.wp.com\/mytraveljournal-blog.com\/wp-content\/uploads\/2022\/08\/DSC01816-scaled.jpg?fit=1707%2C2560&amp;ssl=1\" data-orig-size=\"1707,2560\" data-comments-opened=\"1\" data-image-meta=\"{&quot;aperture&quot;:&quot;5&quot;,&quot;credit&quot;:&quot;&quot;,&quot;camera&quot;:&quot;ILCE-6000&quot;,&quot;caption&quot;:&quot;&quot;,&quot;created_timestamp&quot;:&quot;0&quot;,&quot;copyright&quot;:&quot;&quot;,&quot;focal_length&quot;:&quot;25&quot;,&quot;iso&quot;:&quot;100&quot;,&quot;shutter_speed&quot;:&quot;0.0166666666667&quot;,&quot;title&quot;:&quot;&quot;,&quot;orientation&quot;:&quot;0&quot;}\" data-image-title=\"Park G\u00fcell\" data-image-description=\"\" data-image-caption=\"\" data-large-file=\"https:\/\/i0.wp.com\/mytraveljournal-blog.com\/wp-content\/uploads\/2022\/08\/DSC01816-scaled.jpg?fit=525%2C787&amp;ssl=1\" role=\"button\" tabindex=\"0\" aria-label=\"Bild\u00a011 von 13 im Vollbildmodus \u00f6ffnen\"data-srcset=\"https:\/\/i1.wp.com\/mytraveljournal-blog.com\/wp-content\/uploads\/2022\/08\/DSC01816-683x1024.jpg?strip=info&#038;w=600&#038;ssl=1 600w,https:\/\/i1.wp.com\/mytraveljournal-blog.com\/wp-content\/uploads\/2022\/08\/DSC01816-683x1024.jpg?strip=info&#038;w=900&#038;ssl=1 900w,https:\/\/i1.wp.com\/mytraveljournal-blog.com\/wp-content\/uploads\/2022\/08\/DSC01816-683x1024.jpg?strip=info&#038;w=1200&#038;ssl=1 1200w,https:\/\/i1.wp.com\/mytraveljournal-blog.com\/wp-content\/uploads\/2022\/08\/DSC01816-683x1024.jpg?strip=info&#038;w=1500&#038;ssl=1 1500w,https:\/\/i1.wp.com\/mytraveljournal-blog.com\/wp-content\/uploads\/2022\/08\/DSC01816-683x1024.jpg?strip=info&#038;w=1707&#038;ssl=1 1707w\" alt=\"Park G\u00fcell\" data-height=\"2560\" data-id=\"3879\" data-link=\"https:\/\/mytraveljournal-blog.com\/?attachment_id=3879\" data-url=\"https:\/\/mytraveljournal-blog.com\/wp-content\/uploads\/2022\/08\/DSC01816-683x1024.jpg\" data-width=\"1707\" data-src=\"https:\/\/i1.wp.com\/mytraveljournal-blog.com\/wp-content\/uploads\/2022\/08\/DSC01816-683x1024.jpg?ssl=1\" data-amp-layout=\"responsive\" src=\"data:image\/svg+xml;base64,PHN2ZyB3aWR0aD0iMSIgaGVpZ2h0PSIxIiB4bWxucz0iaHR0cDovL3d3dy53My5vcmcvMjAwMC9zdmciPjwvc3ZnPg==\" class=\"lazyload\" style=\"--smush-placeholder-width: 683px; --smush-placeholder-aspect-ratio: 683\/1024;\" \/><\/figure><\/div><div class=\"tiled-gallery__col\" style=\"flex-basis:25.00365%\"><figure class=\"tiled-gallery__item\"><img decoding=\"async\" data-attachment-id=\"3883\" data-permalink=\"https:\/\/mytraveljournal-blog.com\/de\/visiting-gaudis-architecture\/dsc01850\/\" data-orig-file=\"https:\/\/i0.wp.com\/mytraveljournal-blog.com\/wp-content\/uploads\/2022\/08\/DSC01850-scaled.jpg?fit=1707%2C2560&amp;ssl=1\" data-orig-size=\"1707,2560\" data-comments-opened=\"1\" data-image-meta=\"{&quot;aperture&quot;:&quot;5&quot;,&quot;credit&quot;:&quot;&quot;,&quot;camera&quot;:&quot;ILCE-6000&quot;,&quot;caption&quot;:&quot;&quot;,&quot;created_timestamp&quot;:&quot;0&quot;,&quot;copyright&quot;:&quot;&quot;,&quot;focal_length&quot;:&quot;32&quot;,&quot;iso&quot;:&quot;200&quot;,&quot;shutter_speed&quot;:&quot;0.00625&quot;,&quot;title&quot;:&quot;&quot;,&quot;orientation&quot;:&quot;0&quot;}\" data-image-title=\"Two birds on the benches in Park G\u00fcell\" data-image-description=\"\" data-image-caption=\"\" data-large-file=\"https:\/\/i0.wp.com\/mytraveljournal-blog.com\/wp-content\/uploads\/2022\/08\/DSC01850-scaled.jpg?fit=525%2C787&amp;ssl=1\" data-attachment-id=\"3883\" data-permalink=\"https:\/\/mytraveljournal-blog.com\/de\/visiting-gaudis-architecture\/dsc01850\/\" data-orig-file=\"https:\/\/i0.wp.com\/mytraveljournal-blog.com\/wp-content\/uploads\/2022\/08\/DSC01850-scaled.jpg?fit=1707%2C2560&amp;ssl=1\" data-orig-size=\"1707,2560\" data-comments-opened=\"1\" data-image-meta=\"{&quot;aperture&quot;:&quot;5&quot;,&quot;credit&quot;:&quot;&quot;,&quot;camera&quot;:&quot;ILCE-6000&quot;,&quot;caption&quot;:&quot;&quot;,&quot;created_timestamp&quot;:&quot;0&quot;,&quot;copyright&quot;:&quot;&quot;,&quot;focal_length&quot;:&quot;32&quot;,&quot;iso&quot;:&quot;200&quot;,&quot;shutter_speed&quot;:&quot;0.00625&quot;,&quot;title&quot;:&quot;&quot;,&quot;orientation&quot;:&quot;0&quot;}\" data-image-title=\"Two birds on the benches in Park G\u00fcell\" data-image-description=\"\" data-image-caption=\"\" data-large-file=\"https:\/\/i0.wp.com\/mytraveljournal-blog.com\/wp-content\/uploads\/2022\/08\/DSC01850-scaled.jpg?fit=525%2C787&amp;ssl=1\" role=\"button\" tabindex=\"0\" aria-label=\"Bild\u00a012 von 13 im Vollbildmodus \u00f6ffnen\"data-srcset=\"https:\/\/i1.wp.com\/mytraveljournal-blog.com\/wp-content\/uploads\/2022\/08\/DSC01850-683x1024.jpg?strip=info&#038;w=600&#038;ssl=1 600w,https:\/\/i1.wp.com\/mytraveljournal-blog.com\/wp-content\/uploads\/2022\/08\/DSC01850-683x1024.jpg?strip=info&#038;w=900&#038;ssl=1 900w,https:\/\/i1.wp.com\/mytraveljournal-blog.com\/wp-content\/uploads\/2022\/08\/DSC01850-683x1024.jpg?strip=info&#038;w=1200&#038;ssl=1 1200w,https:\/\/i1.wp.com\/mytraveljournal-blog.com\/wp-content\/uploads\/2022\/08\/DSC01850-683x1024.jpg?strip=info&#038;w=1500&#038;ssl=1 1500w,https:\/\/i1.wp.com\/mytraveljournal-blog.com\/wp-content\/uploads\/2022\/08\/DSC01850-683x1024.jpg?strip=info&#038;w=1707&#038;ssl=1 1707w\" alt=\"Two birds on the benches in Park G\u00fcell\" data-height=\"2560\" data-id=\"3883\" data-link=\"https:\/\/mytraveljournal-blog.com\/?attachment_id=3883\" data-url=\"https:\/\/mytraveljournal-blog.com\/wp-content\/uploads\/2022\/08\/DSC01850-683x1024.jpg\" data-width=\"1707\" data-src=\"https:\/\/i1.wp.com\/mytraveljournal-blog.com\/wp-content\/uploads\/2022\/08\/DSC01850-683x1024.jpg?ssl=1\" data-amp-layout=\"responsive\" src=\"data:image\/svg+xml;base64,PHN2ZyB3aWR0aD0iMSIgaGVpZ2h0PSIxIiB4bWxucz0iaHR0cDovL3d3dy53My5vcmcvMjAwMC9zdmciPjwvc3ZnPg==\" class=\"lazyload\" style=\"--smush-placeholder-width: 683px; --smush-placeholder-aspect-ratio: 683\/1024;\" \/><\/figure><\/div><div class=\"tiled-gallery__col\" style=\"flex-basis:24.98906%\"><figure class=\"tiled-gallery__item\"><img decoding=\"async\" data-attachment-id=\"3882\" data-permalink=\"https:\/\/mytraveljournal-blog.com\/de\/visiting-gaudis-architecture\/dsc01847\/\" data-orig-file=\"https:\/\/i0.wp.com\/mytraveljournal-blog.com\/wp-content\/uploads\/2022\/08\/DSC01847-scaled.jpg?fit=1706%2C2560&amp;ssl=1\" data-orig-size=\"1706,2560\" data-comments-opened=\"1\" data-image-meta=\"{&quot;aperture&quot;:&quot;5&quot;,&quot;credit&quot;:&quot;&quot;,&quot;camera&quot;:&quot;ILCE-6000&quot;,&quot;caption&quot;:&quot;&quot;,&quot;created_timestamp&quot;:&quot;0&quot;,&quot;copyright&quot;:&quot;&quot;,&quot;focal_length&quot;:&quot;24&quot;,&quot;iso&quot;:&quot;100&quot;,&quot;shutter_speed&quot;:&quot;0.0166666666667&quot;,&quot;title&quot;:&quot;&quot;,&quot;orientation&quot;:&quot;0&quot;}\" data-image-title=\"The benches in Park G\u00fcell\" data-image-description=\"\" data-image-caption=\"\" data-large-file=\"https:\/\/i0.wp.com\/mytraveljournal-blog.com\/wp-content\/uploads\/2022\/08\/DSC01847-scaled.jpg?fit=525%2C787&amp;ssl=1\" data-attachment-id=\"3882\" data-permalink=\"https:\/\/mytraveljournal-blog.com\/de\/visiting-gaudis-architecture\/dsc01847\/\" data-orig-file=\"https:\/\/i0.wp.com\/mytraveljournal-blog.com\/wp-content\/uploads\/2022\/08\/DSC01847-scaled.jpg?fit=1706%2C2560&amp;ssl=1\" data-orig-size=\"1706,2560\" data-comments-opened=\"1\" data-image-meta=\"{&quot;aperture&quot;:&quot;5&quot;,&quot;credit&quot;:&quot;&quot;,&quot;camera&quot;:&quot;ILCE-6000&quot;,&quot;caption&quot;:&quot;&quot;,&quot;created_timestamp&quot;:&quot;0&quot;,&quot;copyright&quot;:&quot;&quot;,&quot;focal_length&quot;:&quot;24&quot;,&quot;iso&quot;:&quot;100&quot;,&quot;shutter_speed&quot;:&quot;0.0166666666667&quot;,&quot;title&quot;:&quot;&quot;,&quot;orientation&quot;:&quot;0&quot;}\" data-image-title=\"The benches in Park G\u00fcell\" data-image-description=\"\" data-image-caption=\"\" data-large-file=\"https:\/\/i0.wp.com\/mytraveljournal-blog.com\/wp-content\/uploads\/2022\/08\/DSC01847-scaled.jpg?fit=525%2C787&amp;ssl=1\" role=\"button\" tabindex=\"0\" aria-label=\"Bild\u00a013 von 13 im Vollbildmodus \u00f6ffnen\"data-srcset=\"https:\/\/i1.wp.com\/mytraveljournal-blog.com\/wp-content\/uploads\/2022\/08\/DSC01847-683x1024.jpg?strip=info&#038;w=600&#038;ssl=1 600w,https:\/\/i1.wp.com\/mytraveljournal-blog.com\/wp-content\/uploads\/2022\/08\/DSC01847-683x1024.jpg?strip=info&#038;w=900&#038;ssl=1 900w,https:\/\/i1.wp.com\/mytraveljournal-blog.com\/wp-content\/uploads\/2022\/08\/DSC01847-683x1024.jpg?strip=info&#038;w=1200&#038;ssl=1 1200w,https:\/\/i1.wp.com\/mytraveljournal-blog.com\/wp-content\/uploads\/2022\/08\/DSC01847-683x1024.jpg?strip=info&#038;w=1500&#038;ssl=1 1500w,https:\/\/i1.wp.com\/mytraveljournal-blog.com\/wp-content\/uploads\/2022\/08\/DSC01847-683x1024.jpg?strip=info&#038;w=1706&#038;ssl=1 1706w\" alt=\"The benches in Park G\u00fcell\" data-height=\"2560\" data-id=\"3882\" data-link=\"https:\/\/mytraveljournal-blog.com\/?attachment_id=3882\" data-url=\"https:\/\/mytraveljournal-blog.com\/wp-content\/uploads\/2022\/08\/DSC01847-683x1024.jpg\" data-width=\"1706\" data-src=\"https:\/\/i1.wp.com\/mytraveljournal-blog.com\/wp-content\/uploads\/2022\/08\/DSC01847-683x1024.jpg?ssl=1\" data-amp-layout=\"responsive\" src=\"data:image\/svg+xml;base64,PHN2ZyB3aWR0aD0iMSIgaGVpZ2h0PSIxIiB4bWxucz0iaHR0cDovL3d3dy53My5vcmcvMjAwMC9zdmciPjwvc3ZnPg==\" class=\"lazyload\" style=\"--smush-placeholder-width: 683px; --smush-placeholder-aspect-ratio: 683\/1024;\" \/><\/figure><\/div><\/div><\/div><\/div>\n\n\n\n<p><\/p>\n\n\n\n<p><\/p>\n\n\n\n<p>Zu guter Letzt ist ein Tipp, die <strong>Tickets immer im Voraus zu kaufen<\/strong>, um sicherzustellen, dass du in jedem Fall noch reinkommst und auch um von einem <strong>schnelleren Einlass <\/strong>zu profitieren. Alle Sehensw\u00fcrdigkeiten haben einen<strong> Sonderpreis f\u00fcr Studierende<\/strong>, aber der Unterschied ist wirklich gering. Der Besuch von Gaud\u00eds Architektur ist f\u00fcr die meisten Menschen wahrscheinlich eine einmalige Sache, da <strong>die Eintrittspreise sehr hoch sind <\/strong><em>\u2013<\/em> daher musst du letztendlich f\u00fcr dich selbst entscheiden, wie viel Geld dir die Besuche wert erscheinen.<\/p>\n\n\n\n<p>Was denkst du? Hast du Gaud\u00eds Architektur schon besucht? Schreib mir gerne in den Kommentaren, ob du meine Meinung teilst oder anderer bist.<\/p>\n\n\n\n<p><\/p>\n\n\n\n<p><\/p>\n\n\n\n<p><\/p>\n\n\n\n<p>Du hast den Beitrag <em>Besuch von Gaud\u00eds bekanntester Architektur \u2013 lohnt es sich?<\/em> auf My Travel Journal-Blog gelesen.<\/p>\n\n\n\n<p><\/p>\n\n\n\n<p><\/p>\n\n\n\n<p><\/p>\n\n\n\n<p><\/p>","protected":false},"excerpt":{"rendered":"<p>Antoni Gaud\u00ed (1852-1926) ist einer der pr\u00e4gendsten Architekten Barcelonas und bekannt als der gr\u00f6\u00dfte Vertreter der katalanischen Moderne. Er entwarf mehr als zehn verschiedene Geb\u00e4ude in und um Kataloniens Hauptstadt. Sieben von ihnen sind Teil des UNESCO-Weltkulturerbes. Ich habe vier von ihnen besucht. Hat es sich gelohnt? Ich war das erste Mal 2014 in Barcelona. &hellip; <\/p>\n<p class=\"link-more\"><a href=\"https:\/\/mytraveljournal-blog.com\/de\/visiting-gaudis-architecture\/\" class=\"more-link\"><span class=\"screen-reader-text\">\u201eBesuch von Gaud\u00eds bekanntester Architektur \u2013 lohnt es sich?\u201c <\/span>weiterlesen<\/a><\/p>\n","protected":false},"author":1,"featured_media":3824,"comment_status":"open","ping_status":"open","sticky":false,"template":"","format":"standard","meta":{"_monsterinsights_skip_tracking":false,"_monsterinsights_sitenote_active":false,"_monsterinsights_sitenote_note":"","_monsterinsights_sitenote_category":0,"jetpack_post_was_ever_published":false,"_jetpack_newsletter_access":"","_jetpack_dont_email_post_to_subs":false,"_jetpack_newsletter_tier_id":0,"_jetpack_memberships_contains_paywalled_content":false,"_jetpack_memberships_contains_paid_content":false,"footnotes":"","jetpack_publicize_message":"","jetpack_publicize_feature_enabled":true,"jetpack_social_post_already_shared":true,"jetpack_social_options":{"image_generator_settings":{"template":"highway","default_image_id":0,"font":"","enabled":false},"version":2}},"categories":[282,489],"tags":[476,477,478,480,488,484,485,475,479,473,482,483,486,487,451,481,94],"class_list":["post-3821","post","type-post","status-publish","format-standard","has-post-thumbnail","hentry","category-europe","category-spain","tag-antoni-gaudi","tag-architecture","tag-architektur","tag-art","tag-barcelona","tag-casa-battlo","tag-casa-vicens","tag-gaudi-2","tag-kunst","tag-park-gueell","tag-sagrada-familia","tag-sagrada-familia-2","tag-spain","tag-spanien","tag-unesco","tag-unesco-world-heritage","tag-weltkulturerbe"],"yoast_head":"<!-- This site is optimized with the Yoast SEO plugin v27.4 - https:\/\/yoast.com\/product\/yoast-seo-wordpress\/ -->\n<title>Besuch von Gaud\u00eds bekanntester Architektur \u2013 lohnt es sich? | My Travel Journal-Blog<\/title>\n<meta name=\"description\" content=\"Antoni Gaud\u00ed (1852-1926) is one of Barcelona\u2019s most formative architectures and is known as the greatest exponent of Catalan Modernism. He designed more than ten buildings in and around the capital of Catalonia of which seven are part of the UNESCO World Heritage Site. I visited four of them. Was it worth it?\" \/>\n<meta name=\"robots\" content=\"index, follow, max-snippet:-1, max-image-preview:large, max-video-preview:-1\" \/>\n<link rel=\"canonical\" href=\"https:\/\/mytraveljournal-blog.com\/visiting-gaudis-architecture\/\" \/>\n<meta property=\"og:locale\" content=\"de_DE\" \/>\n<meta property=\"og:type\" content=\"article\" \/>\n<meta property=\"og:title\" content=\"Besuch von Gaud\u00eds bekanntester Architektur \u2013 lohnt es sich? | My Travel Journal-Blog\" \/>\n<meta property=\"og:description\" content=\"Antoni Gaud\u00ed (1852-1926) is one of Barcelona\u2019s most formative architectures and is known as the greatest exponent of Catalan Modernism. He designed more than ten buildings in and around the capital of Catalonia of which seven are part of the UNESCO World Heritage Site. I visited four of them. Was it worth it?\" \/>\n<meta property=\"og:url\" content=\"https:\/\/mytraveljournal-blog.com\/visiting-gaudis-architecture\/\" \/>\n<meta property=\"og:site_name\" content=\"My Travel Journal-Blog\" \/>\n<meta property=\"article:publisher\" content=\"https:\/\/www.facebook.com\/mytraveljournalblog\/\" \/>\n<meta property=\"article:published_time\" content=\"2022-08-31T19:55:00+00:00\" \/>\n<meta property=\"article:modified_time\" content=\"2022-09-01T19:56:44+00:00\" \/>\n<meta property=\"og:image\" content=\"https:\/\/i0.wp.com\/mytraveljournal-blog.com\/wp-content\/uploads\/2022\/08\/DSC01841-scaled.jpg?fit=2560%2C1707&ssl=1\" \/>\n\t<meta property=\"og:image:width\" content=\"2560\" \/>\n\t<meta property=\"og:image:height\" content=\"1707\" \/>\n\t<meta property=\"og:image:type\" content=\"image\/jpeg\" \/>\n<meta name=\"author\" content=\"Florentina\" \/>\n<meta name=\"twitter:card\" content=\"summary_large_image\" \/>\n<meta name=\"twitter:label1\" content=\"Verfasst von\" \/>\n\t<meta name=\"twitter:data1\" content=\"Florentina\" \/>\n\t<meta name=\"twitter:label2\" content=\"Gesch\u00e4tzte Lesezeit\" \/>\n\t<meta name=\"twitter:data2\" content=\"50\u00a0Minuten\" \/>\n<script type=\"application\/ld+json\" class=\"yoast-schema-graph\">{\"@context\":\"https:\\\/\\\/schema.org\",\"@graph\":[{\"@type\":\"Article\",\"@id\":\"https:\\\/\\\/mytraveljournal-blog.com\\\/visiting-gaudis-architecture\\\/#article\",\"isPartOf\":{\"@id\":\"https:\\\/\\\/mytraveljournal-blog.com\\\/visiting-gaudis-architecture\\\/\"},\"author\":{\"name\":\"Florentina\",\"@id\":\"https:\\\/\\\/mytraveljournal-blog.com\\\/#\\\/schema\\\/person\\\/2d97509923ef138e02da838163288057\"},\"headline\":\"Besuch von Gaud\u00eds bekanntester Architektur \u2013 lohnt es sich?\",\"datePublished\":\"2022-08-31T19:55:00+00:00\",\"dateModified\":\"2022-09-01T19:56:44+00:00\",\"mainEntityOfPage\":{\"@id\":\"https:\\\/\\\/mytraveljournal-blog.com\\\/visiting-gaudis-architecture\\\/\"},\"wordCount\":5079,\"commentCount\":0,\"publisher\":{\"@id\":\"https:\\\/\\\/mytraveljournal-blog.com\\\/#organization\"},\"image\":{\"@id\":\"https:\\\/\\\/mytraveljournal-blog.com\\\/visiting-gaudis-architecture\\\/#primaryimage\"},\"thumbnailUrl\":\"https:\\\/\\\/i0.wp.com\\\/mytraveljournal-blog.com\\\/wp-content\\\/uploads\\\/2022\\\/08\\\/DSC01841-scaled.jpg?fit=2560%2C1707&ssl=1\",\"keywords\":[\"Antoni Gaudi\",\"architecture\",\"Architektur\",\"art\",\"Barcelona\",\"Casa Battl\u00f3\",\"Casa Vicens\",\"gaudi\",\"Kunst\",\"park g\u00fcell\",\"Sagrada Fam\u00edlia\",\"Sagrada Familia\",\"Spain\",\"Spanien\",\"UNESCO\",\"UNESCO World Heritage\",\"Weltkulturerbe\"],\"articleSection\":[\"europa\",\"Spain\"],\"inLanguage\":\"de\",\"potentialAction\":[{\"@type\":\"CommentAction\",\"name\":\"Comment\",\"target\":[\"https:\\\/\\\/mytraveljournal-blog.com\\\/visiting-gaudis-architecture\\\/#respond\"]}]},{\"@type\":\"WebPage\",\"@id\":\"https:\\\/\\\/mytraveljournal-blog.com\\\/visiting-gaudis-architecture\\\/\",\"url\":\"https:\\\/\\\/mytraveljournal-blog.com\\\/visiting-gaudis-architecture\\\/\",\"name\":\"Besuch von Gaud\u00eds bekanntester Architektur \u2013 lohnt es sich? | My Travel Journal-Blog\",\"isPartOf\":{\"@id\":\"https:\\\/\\\/mytraveljournal-blog.com\\\/#website\"},\"primaryImageOfPage\":{\"@id\":\"https:\\\/\\\/mytraveljournal-blog.com\\\/visiting-gaudis-architecture\\\/#primaryimage\"},\"image\":{\"@id\":\"https:\\\/\\\/mytraveljournal-blog.com\\\/visiting-gaudis-architecture\\\/#primaryimage\"},\"thumbnailUrl\":\"https:\\\/\\\/i0.wp.com\\\/mytraveljournal-blog.com\\\/wp-content\\\/uploads\\\/2022\\\/08\\\/DSC01841-scaled.jpg?fit=2560%2C1707&ssl=1\",\"datePublished\":\"2022-08-31T19:55:00+00:00\",\"dateModified\":\"2022-09-01T19:56:44+00:00\",\"description\":\"Antoni Gaud\u00ed (1852-1926) is one of Barcelona\u2019s most formative architectures and is known as the greatest exponent of Catalan Modernism. He designed more than ten buildings in and around the capital of Catalonia of which seven are part of the UNESCO World Heritage Site. I visited four of them. Was it worth it?\",\"breadcrumb\":{\"@id\":\"https:\\\/\\\/mytraveljournal-blog.com\\\/visiting-gaudis-architecture\\\/#breadcrumb\"},\"inLanguage\":\"de\",\"potentialAction\":[{\"@type\":\"ReadAction\",\"target\":[\"https:\\\/\\\/mytraveljournal-blog.com\\\/visiting-gaudis-architecture\\\/\"]}]},{\"@type\":\"ImageObject\",\"inLanguage\":\"de\",\"@id\":\"https:\\\/\\\/mytraveljournal-blog.com\\\/visiting-gaudis-architecture\\\/#primaryimage\",\"url\":\"https:\\\/\\\/i0.wp.com\\\/mytraveljournal-blog.com\\\/wp-content\\\/uploads\\\/2022\\\/08\\\/DSC01841-scaled.jpg?fit=2560%2C1707&ssl=1\",\"contentUrl\":\"https:\\\/\\\/i0.wp.com\\\/mytraveljournal-blog.com\\\/wp-content\\\/uploads\\\/2022\\\/08\\\/DSC01841-scaled.jpg?fit=2560%2C1707&ssl=1\",\"width\":2560,\"height\":1707,\"caption\":\"Park G\u00fcell\"},{\"@type\":\"BreadcrumbList\",\"@id\":\"https:\\\/\\\/mytraveljournal-blog.com\\\/visiting-gaudis-architecture\\\/#breadcrumb\",\"itemListElement\":[{\"@type\":\"ListItem\",\"position\":1,\"name\":\"Startseite\",\"item\":\"https:\\\/\\\/mytraveljournal-blog.com\\\/\"},{\"@type\":\"ListItem\",\"position\":2,\"name\":\"Visiting Gaud\u00ed&#8217;s most popular architecture \u2013 is it worth it?\"}]},{\"@type\":\"WebSite\",\"@id\":\"https:\\\/\\\/mytraveljournal-blog.com\\\/#website\",\"url\":\"https:\\\/\\\/mytraveljournal-blog.com\\\/\",\"name\":\"My Travel Journal-Blog\",\"description\":\"\",\"publisher\":{\"@id\":\"https:\\\/\\\/mytraveljournal-blog.com\\\/#organization\"},\"potentialAction\":[{\"@type\":\"SearchAction\",\"target\":{\"@type\":\"EntryPoint\",\"urlTemplate\":\"https:\\\/\\\/mytraveljournal-blog.com\\\/?s={search_term_string}\"},\"query-input\":{\"@type\":\"PropertyValueSpecification\",\"valueRequired\":true,\"valueName\":\"search_term_string\"}}],\"inLanguage\":\"de\"},{\"@type\":\"Organization\",\"@id\":\"https:\\\/\\\/mytraveljournal-blog.com\\\/#organization\",\"name\":\"My Travel Journal-Blog\",\"url\":\"https:\\\/\\\/mytraveljournal-blog.com\\\/\",\"logo\":{\"@type\":\"ImageObject\",\"inLanguage\":\"de\",\"@id\":\"https:\\\/\\\/mytraveljournal-blog.com\\\/#\\\/schema\\\/logo\\\/image\\\/\",\"url\":\"https:\\\/\\\/mytraveljournal-blog.com\\\/wp-content\\\/uploads\\\/2016\\\/09\\\/cropped-papierflieger_faviconblau.bmp\",\"contentUrl\":\"https:\\\/\\\/mytraveljournal-blog.com\\\/wp-content\\\/uploads\\\/2016\\\/09\\\/cropped-papierflieger_faviconblau.bmp\",\"width\":512,\"height\":512,\"caption\":\"My Travel Journal-Blog\"},\"image\":{\"@id\":\"https:\\\/\\\/mytraveljournal-blog.com\\\/#\\\/schema\\\/logo\\\/image\\\/\"},\"sameAs\":[\"https:\\\/\\\/www.facebook.com\\\/mytraveljournalblog\\\/\",\"https:\\\/\\\/www.instagram.com\\\/mytraveljournalblog\\\/\",\"https:\\\/\\\/www.pinterest.de\\\/mytraveljournalblog\\\/_saved\\\/\",\"https:\\\/\\\/www.youtube.com\\\/channel\\\/UCKR8RQw_YtfmHaK3YEiLJwA\"]},{\"@type\":\"Person\",\"@id\":\"https:\\\/\\\/mytraveljournal-blog.com\\\/#\\\/schema\\\/person\\\/2d97509923ef138e02da838163288057\",\"name\":\"Florentina\",\"image\":{\"@type\":\"ImageObject\",\"inLanguage\":\"de\",\"@id\":\"https:\\\/\\\/secure.gravatar.com\\\/avatar\\\/b0ce473266ed993c40163f362bdb2555b2665d36b9d2bf440ee29b30915857f9?s=96&d=mm&r=g\",\"url\":\"https:\\\/\\\/secure.gravatar.com\\\/avatar\\\/b0ce473266ed993c40163f362bdb2555b2665d36b9d2bf440ee29b30915857f9?s=96&d=mm&r=g\",\"contentUrl\":\"https:\\\/\\\/secure.gravatar.com\\\/avatar\\\/b0ce473266ed993c40163f362bdb2555b2665d36b9d2bf440ee29b30915857f9?s=96&d=mm&r=g\",\"caption\":\"Florentina\"},\"description\":\"I am Media Student from Berlin, volunteering in the student organisation AEGEE-Berlin and most important addicted to travelling. I love exploring new cultures, experience other lifestyles, meeting people from all over the world and exchange stories.\",\"sameAs\":[\"http:\\\/\\\/www.mytraveljournal-blog.com\"]}]}<\/script>\n<!-- \/ Yoast SEO plugin. -->","yoast_head_json":{"title":"Besuch von Gaud\u00eds bekanntester Architektur \u2013 lohnt es sich? | My Travel Journal-Blog","description":"Antoni Gaud\u00ed (1852-1926) is one of Barcelona\u2019s most formative architectures and is known as the greatest exponent of Catalan Modernism. He designed more than ten buildings in and around the capital of Catalonia of which seven are part of the UNESCO World Heritage Site. I visited four of them. Was it worth it?","robots":{"index":"index","follow":"follow","max-snippet":"max-snippet:-1","max-image-preview":"max-image-preview:large","max-video-preview":"max-video-preview:-1"},"canonical":"https:\/\/mytraveljournal-blog.com\/visiting-gaudis-architecture\/","og_locale":"de_DE","og_type":"article","og_title":"Besuch von Gaud\u00eds bekanntester Architektur \u2013 lohnt es sich? | My Travel Journal-Blog","og_description":"Antoni Gaud\u00ed (1852-1926) is one of Barcelona\u2019s most formative architectures and is known as the greatest exponent of Catalan Modernism. He designed more than ten buildings in and around the capital of Catalonia of which seven are part of the UNESCO World Heritage Site. I visited four of them. Was it worth it?","og_url":"https:\/\/mytraveljournal-blog.com\/visiting-gaudis-architecture\/","og_site_name":"My Travel Journal-Blog","article_publisher":"https:\/\/www.facebook.com\/mytraveljournalblog\/","article_published_time":"2022-08-31T19:55:00+00:00","article_modified_time":"2022-09-01T19:56:44+00:00","og_image":[{"width":2560,"height":1707,"url":"https:\/\/i0.wp.com\/mytraveljournal-blog.com\/wp-content\/uploads\/2022\/08\/DSC01841-scaled.jpg?fit=2560%2C1707&ssl=1","type":"image\/jpeg"}],"author":"Florentina","twitter_card":"summary_large_image","twitter_misc":{"Verfasst von":"Florentina","Gesch\u00e4tzte Lesezeit":"50\u00a0Minuten"},"schema":{"@context":"https:\/\/schema.org","@graph":[{"@type":"Article","@id":"https:\/\/mytraveljournal-blog.com\/visiting-gaudis-architecture\/#article","isPartOf":{"@id":"https:\/\/mytraveljournal-blog.com\/visiting-gaudis-architecture\/"},"author":{"name":"Florentina","@id":"https:\/\/mytraveljournal-blog.com\/#\/schema\/person\/2d97509923ef138e02da838163288057"},"headline":"Besuch von Gaud\u00eds bekanntester Architektur \u2013 lohnt es sich?","datePublished":"2022-08-31T19:55:00+00:00","dateModified":"2022-09-01T19:56:44+00:00","mainEntityOfPage":{"@id":"https:\/\/mytraveljournal-blog.com\/visiting-gaudis-architecture\/"},"wordCount":5079,"commentCount":0,"publisher":{"@id":"https:\/\/mytraveljournal-blog.com\/#organization"},"image":{"@id":"https:\/\/mytraveljournal-blog.com\/visiting-gaudis-architecture\/#primaryimage"},"thumbnailUrl":"https:\/\/i0.wp.com\/mytraveljournal-blog.com\/wp-content\/uploads\/2022\/08\/DSC01841-scaled.jpg?fit=2560%2C1707&ssl=1","keywords":["Antoni Gaudi","architecture","Architektur","art","Barcelona","Casa Battl\u00f3","Casa Vicens","gaudi","Kunst","park g\u00fcell","Sagrada Fam\u00edlia","Sagrada Familia","Spain","Spanien","UNESCO","UNESCO World Heritage","Weltkulturerbe"],"articleSection":["europa","Spain"],"inLanguage":"de","potentialAction":[{"@type":"CommentAction","name":"Comment","target":["https:\/\/mytraveljournal-blog.com\/visiting-gaudis-architecture\/#respond"]}]},{"@type":"WebPage","@id":"https:\/\/mytraveljournal-blog.com\/visiting-gaudis-architecture\/","url":"https:\/\/mytraveljournal-blog.com\/visiting-gaudis-architecture\/","name":"Besuch von Gaud\u00eds bekanntester Architektur \u2013 lohnt es sich? | My Travel Journal-Blog","isPartOf":{"@id":"https:\/\/mytraveljournal-blog.com\/#website"},"primaryImageOfPage":{"@id":"https:\/\/mytraveljournal-blog.com\/visiting-gaudis-architecture\/#primaryimage"},"image":{"@id":"https:\/\/mytraveljournal-blog.com\/visiting-gaudis-architecture\/#primaryimage"},"thumbnailUrl":"https:\/\/i0.wp.com\/mytraveljournal-blog.com\/wp-content\/uploads\/2022\/08\/DSC01841-scaled.jpg?fit=2560%2C1707&ssl=1","datePublished":"2022-08-31T19:55:00+00:00","dateModified":"2022-09-01T19:56:44+00:00","description":"Antoni Gaud\u00ed (1852-1926) is one of Barcelona\u2019s most formative architectures and is known as the greatest exponent of Catalan Modernism. He designed more than ten buildings in and around the capital of Catalonia of which seven are part of the UNESCO World Heritage Site. I visited four of them. Was it worth it?","breadcrumb":{"@id":"https:\/\/mytraveljournal-blog.com\/visiting-gaudis-architecture\/#breadcrumb"},"inLanguage":"de","potentialAction":[{"@type":"ReadAction","target":["https:\/\/mytraveljournal-blog.com\/visiting-gaudis-architecture\/"]}]},{"@type":"ImageObject","inLanguage":"de","@id":"https:\/\/mytraveljournal-blog.com\/visiting-gaudis-architecture\/#primaryimage","url":"https:\/\/i0.wp.com\/mytraveljournal-blog.com\/wp-content\/uploads\/2022\/08\/DSC01841-scaled.jpg?fit=2560%2C1707&ssl=1","contentUrl":"https:\/\/i0.wp.com\/mytraveljournal-blog.com\/wp-content\/uploads\/2022\/08\/DSC01841-scaled.jpg?fit=2560%2C1707&ssl=1","width":2560,"height":1707,"caption":"Park G\u00fcell"},{"@type":"BreadcrumbList","@id":"https:\/\/mytraveljournal-blog.com\/visiting-gaudis-architecture\/#breadcrumb","itemListElement":[{"@type":"ListItem","position":1,"name":"Startseite","item":"https:\/\/mytraveljournal-blog.com\/"},{"@type":"ListItem","position":2,"name":"Visiting Gaud\u00ed&#8217;s most popular architecture \u2013 is it worth it?"}]},{"@type":"WebSite","@id":"https:\/\/mytraveljournal-blog.com\/#website","url":"https:\/\/mytraveljournal-blog.com\/","name":"My Travel Journal-Blog","description":"","publisher":{"@id":"https:\/\/mytraveljournal-blog.com\/#organization"},"potentialAction":[{"@type":"SearchAction","target":{"@type":"EntryPoint","urlTemplate":"https:\/\/mytraveljournal-blog.com\/?s={search_term_string}"},"query-input":{"@type":"PropertyValueSpecification","valueRequired":true,"valueName":"search_term_string"}}],"inLanguage":"de"},{"@type":"Organization","@id":"https:\/\/mytraveljournal-blog.com\/#organization","name":"My Travel Journal-Blog","url":"https:\/\/mytraveljournal-blog.com\/","logo":{"@type":"ImageObject","inLanguage":"de","@id":"https:\/\/mytraveljournal-blog.com\/#\/schema\/logo\/image\/","url":"https:\/\/mytraveljournal-blog.com\/wp-content\/uploads\/2016\/09\/cropped-papierflieger_faviconblau.bmp","contentUrl":"https:\/\/mytraveljournal-blog.com\/wp-content\/uploads\/2016\/09\/cropped-papierflieger_faviconblau.bmp","width":512,"height":512,"caption":"My Travel Journal-Blog"},"image":{"@id":"https:\/\/mytraveljournal-blog.com\/#\/schema\/logo\/image\/"},"sameAs":["https:\/\/www.facebook.com\/mytraveljournalblog\/","https:\/\/www.instagram.com\/mytraveljournalblog\/","https:\/\/www.pinterest.de\/mytraveljournalblog\/_saved\/","https:\/\/www.youtube.com\/channel\/UCKR8RQw_YtfmHaK3YEiLJwA"]},{"@type":"Person","@id":"https:\/\/mytraveljournal-blog.com\/#\/schema\/person\/2d97509923ef138e02da838163288057","name":"Florentina","image":{"@type":"ImageObject","inLanguage":"de","@id":"https:\/\/secure.gravatar.com\/avatar\/b0ce473266ed993c40163f362bdb2555b2665d36b9d2bf440ee29b30915857f9?s=96&d=mm&r=g","url":"https:\/\/secure.gravatar.com\/avatar\/b0ce473266ed993c40163f362bdb2555b2665d36b9d2bf440ee29b30915857f9?s=96&d=mm&r=g","contentUrl":"https:\/\/secure.gravatar.com\/avatar\/b0ce473266ed993c40163f362bdb2555b2665d36b9d2bf440ee29b30915857f9?s=96&d=mm&r=g","caption":"Florentina"},"description":"I am Media Student from Berlin, volunteering in the student organisation AEGEE-Berlin and most important addicted to travelling. I love exploring new cultures, experience other lifestyles, meeting people from all over the world and exchange stories.","sameAs":["http:\/\/www.mytraveljournal-blog.com"]}]}},"jetpack_publicize_connections":[],"jetpack_featured_media_url":"https:\/\/i0.wp.com\/mytraveljournal-blog.com\/wp-content\/uploads\/2022\/08\/DSC01841-scaled.jpg?fit=2560%2C1707&ssl=1","jetpack_sharing_enabled":true,"jetpack_shortlink":"https:\/\/wp.me\/pcQecO-ZD","jetpack-related-posts":[{"id":3919,"url":"https:\/\/mytraveljournal-blog.com\/de\/little-stories-of-spain\/","url_meta":{"origin":3821,"position":0},"title":"Little Stories aus Spanien \u2013 Kurze Geschichten, Kuriosit\u00e4ten und Trivia","author":"Florentina","date":"Mittwoch, der 28. September 2022","format":false,"excerpt":"\u00a0Little Stories\u00a0ist eine Kategorie, welche ich auf meinem\u00a0Instagram-Kanal\u00a0gestartet habe und wo ich\u00a0kurze Geschichten, Kuriosit\u00e4ten oder Trivia\u00a0poste. Hier kannst du alle Postings \u00fcber\u00a0Spanien\u00a0finden.\u00a0#littlestories #8 Der beste Blick auf Barcelona Beinahe jede Stadt bietet eine M\u00f6glichkeit, die Skyline von einem Aussichtspunkt, dem Dach einer Bar oder von einem H\u00fcgel aus zu sehen.\u2026","rel":"","context":"In &quot;europa&quot;","block_context":{"text":"europa","link":"https:\/\/mytraveljournal-blog.com\/de\/category\/europe\/"},"img":{"alt_text":"The pillows of H\u00e4ndlerlogo Palau de la M\u00fasica Catalana","src":"https:\/\/i0.wp.com\/mytraveljournal-blog.com\/wp-content\/uploads\/2022\/10\/DSC01675-scaled.jpg?fit=1200%2C800&ssl=1&resize=350%2C200","width":350,"height":200,"srcset":"https:\/\/i0.wp.com\/mytraveljournal-blog.com\/wp-content\/uploads\/2022\/10\/DSC01675-scaled.jpg?fit=1200%2C800&ssl=1&resize=350%2C200 1x, https:\/\/i0.wp.com\/mytraveljournal-blog.com\/wp-content\/uploads\/2022\/10\/DSC01675-scaled.jpg?fit=1200%2C800&ssl=1&resize=525%2C300 1.5x, https:\/\/i0.wp.com\/mytraveljournal-blog.com\/wp-content\/uploads\/2022\/10\/DSC01675-scaled.jpg?fit=1200%2C800&ssl=1&resize=700%2C400 2x, https:\/\/i0.wp.com\/mytraveljournal-blog.com\/wp-content\/uploads\/2022\/10\/DSC01675-scaled.jpg?fit=1200%2C800&ssl=1&resize=1050%2C600 3x"},"classes":[]},{"id":835,"url":"https:\/\/mytraveljournal-blog.com\/de\/traditional-korea\/","url_meta":{"origin":3821,"position":1},"title":"Traditionelles Korea","author":"Florentina","date":"Montag, der 26. September 2016","format":false,"excerpt":"S\u00fcdkorea ist immer noch voller Traditionen und alter Br\u00e4uche. Alleine Seoul hat f\u00fcnf alte K\u00f6nigspal\u00e4ste und verschiedene Hanok D\u00f6rfer, wo die alten Traditionen Koreas nach wie vor lebending sind. Hanok D\u00f6rfer Die verschiedenen Hanok D\u00f6rfer geben die M\u00f6glichkeit alte, traditionelle, koreanische H\u00e4user zu besichten, einen Eindruck von der damaligen Architektur\u2026","rel":"","context":"In &quot;S\u00fcdkorea&quot;","block_context":{"text":"S\u00fcdkorea","link":"https:\/\/mytraveljournal-blog.com\/de\/category\/asia\/south-korea\/"},"img":{"alt_text":"","src":"https:\/\/i0.wp.com\/mytraveljournal-blog.com\/wp-content\/uploads\/2016\/09\/DSCN8202.jpg?fit=1200%2C704&ssl=1&resize=350%2C200","width":350,"height":200,"srcset":"https:\/\/i0.wp.com\/mytraveljournal-blog.com\/wp-content\/uploads\/2016\/09\/DSCN8202.jpg?fit=1200%2C704&ssl=1&resize=350%2C200 1x, https:\/\/i0.wp.com\/mytraveljournal-blog.com\/wp-content\/uploads\/2016\/09\/DSCN8202.jpg?fit=1200%2C704&ssl=1&resize=525%2C300 1.5x, https:\/\/i0.wp.com\/mytraveljournal-blog.com\/wp-content\/uploads\/2016\/09\/DSCN8202.jpg?fit=1200%2C704&ssl=1&resize=700%2C400 2x, https:\/\/i0.wp.com\/mytraveljournal-blog.com\/wp-content\/uploads\/2016\/09\/DSCN8202.jpg?fit=1200%2C704&ssl=1&resize=1050%2C600 3x"},"classes":[]},{"id":4095,"url":"https:\/\/mytraveljournal-blog.com\/de\/little-stories-berlin\/","url_meta":{"origin":3821,"position":2},"title":"Little Stories of Berlin \u00a0\u2013 Short stories, curiosities, and trivia","author":"Florentina","date":"Dienstag, der 31. Januar 2023","format":false,"excerpt":"Little Stories\u00a0is a category I started on my\u00a0Instagram channel\u00a0and where I post short\u00a0stories, curiosities or trivia. Here you can find all posts about\u00a0Berlin.\u00a0#littlestories #9 Colourful Berlin What do we love more than colour on grey winter days? You can find the cutest and most colourful houses at Gartenstadt Falkenberg in\u2026","rel":"","context":"In &quot;Berlin&quot;","block_context":{"text":"Berlin","link":"https:\/\/mytraveljournal-blog.com\/de\/category\/europe\/berlin\/"},"img":{"alt_text":"","src":"https:\/\/i0.wp.com\/mytraveljournal-blog.com\/wp-content\/uploads\/2020\/12\/DSC04528-scaled.jpg?fit=1200%2C800&ssl=1&resize=350%2C200","width":350,"height":200,"srcset":"https:\/\/i0.wp.com\/mytraveljournal-blog.com\/wp-content\/uploads\/2020\/12\/DSC04528-scaled.jpg?fit=1200%2C800&ssl=1&resize=350%2C200 1x, https:\/\/i0.wp.com\/mytraveljournal-blog.com\/wp-content\/uploads\/2020\/12\/DSC04528-scaled.jpg?fit=1200%2C800&ssl=1&resize=525%2C300 1.5x, https:\/\/i0.wp.com\/mytraveljournal-blog.com\/wp-content\/uploads\/2020\/12\/DSC04528-scaled.jpg?fit=1200%2C800&ssl=1&resize=700%2C400 2x, https:\/\/i0.wp.com\/mytraveljournal-blog.com\/wp-content\/uploads\/2020\/12\/DSC04528-scaled.jpg?fit=1200%2C800&ssl=1&resize=1050%2C600 3x"},"classes":[]},{"id":3684,"url":"https:\/\/mytraveljournal-blog.com\/de\/highlights-of-sintra\/","url_meta":{"origin":3821,"position":3},"title":"Meine pers\u00f6nlichen Highlights und Tipps f\u00fcr Sintra","author":"Florentina","date":"Donnerstag, der 12. Mai 2022","format":false,"excerpt":"Das Zimmerdecken voller Vogelzeichnungen, sich wie Alice f\u00fchlen und Hals \u00fcber Kopf in mit Zuckerguss bedeckte Pal\u00e4ste verlieben. Das klingt auf jeden Fall nach Sintra. Wenn du auch Pal\u00e4ste, Schl\u00f6sser und mysteri\u00f6se G\u00e4rten liebst, ist Sintra der perfekte Ort f\u00fcr dich. Lies mehr \u00fcber meine pers\u00f6nlichen Highlights und hole dir\u2026","rel":"","context":"In &quot;europa&quot;","block_context":{"text":"europa","link":"https:\/\/mytraveljournal-blog.com\/de\/category\/europe\/"},"img":{"alt_text":"Palace of Pena","src":"https:\/\/i0.wp.com\/mytraveljournal-blog.com\/wp-content\/uploads\/2022\/04\/Titelbild-scaled.jpg?fit=1200%2C800&ssl=1&resize=350%2C200","width":350,"height":200,"srcset":"https:\/\/i0.wp.com\/mytraveljournal-blog.com\/wp-content\/uploads\/2022\/04\/Titelbild-scaled.jpg?fit=1200%2C800&ssl=1&resize=350%2C200 1x, https:\/\/i0.wp.com\/mytraveljournal-blog.com\/wp-content\/uploads\/2022\/04\/Titelbild-scaled.jpg?fit=1200%2C800&ssl=1&resize=525%2C300 1.5x, https:\/\/i0.wp.com\/mytraveljournal-blog.com\/wp-content\/uploads\/2022\/04\/Titelbild-scaled.jpg?fit=1200%2C800&ssl=1&resize=700%2C400 2x, https:\/\/i0.wp.com\/mytraveljournal-blog.com\/wp-content\/uploads\/2022\/04\/Titelbild-scaled.jpg?fit=1200%2C800&ssl=1&resize=1050%2C600 3x"},"classes":[]},{"id":3945,"url":"https:\/\/mytraveljournal-blog.com\/de\/schwerin-a-daytrip-from-berlin\/","url_meta":{"origin":3821,"position":4},"title":"Schwerin \u2013 ein Tagesausflug von Berlin","author":"Florentina","date":"Montag, der 24. Oktober 2022","format":false,"excerpt":"Nur 2,5 Stunden dauert die Zugfahrt von Berlin in die Hauptstadt Mecklenburg-Vorpommerns. Eine Stadt, die oft vergessen und eher untersch\u00e4tzt wird, dabei \u00fcberzeugt Schwerin mit seinem Charme und seiner Architektur, wie seinem ber\u00fchmten Schloss, seiner Altstadt und seiner N\u00e4he zur Ostsee. Schwerin ist eine dieser St\u00e4dte, die sich bei einem\u2026","rel":"","context":"In &quot;Berlin&quot;","block_context":{"text":"Berlin","link":"https:\/\/mytraveljournal-blog.com\/de\/category\/europe\/berlin\/"},"img":{"alt_text":"The castle of Schwerin","src":"https:\/\/i0.wp.com\/mytraveljournal-blog.com\/wp-content\/uploads\/2022\/10\/DSC02538-scaled.jpg?fit=1200%2C800&ssl=1&resize=350%2C200","width":350,"height":200,"srcset":"https:\/\/i0.wp.com\/mytraveljournal-blog.com\/wp-content\/uploads\/2022\/10\/DSC02538-scaled.jpg?fit=1200%2C800&ssl=1&resize=350%2C200 1x, https:\/\/i0.wp.com\/mytraveljournal-blog.com\/wp-content\/uploads\/2022\/10\/DSC02538-scaled.jpg?fit=1200%2C800&ssl=1&resize=525%2C300 1.5x, https:\/\/i0.wp.com\/mytraveljournal-blog.com\/wp-content\/uploads\/2022\/10\/DSC02538-scaled.jpg?fit=1200%2C800&ssl=1&resize=700%2C400 2x, https:\/\/i0.wp.com\/mytraveljournal-blog.com\/wp-content\/uploads\/2022\/10\/DSC02538-scaled.jpg?fit=1200%2C800&ssl=1&resize=1050%2C600 3x"},"classes":[]},{"id":4947,"url":"https:\/\/mytraveljournal-blog.com\/de\/favourites-edinburgh\/","url_meta":{"origin":3821,"position":5},"title":"What to do in Edinburgh","author":"Florentina","date":"Mittwoch, der 22. November 2023","format":false,"excerpt":"Edinburgh Castle, Arthur's Seat and Grassmarket \u2013 Here is your bucket list for Edinburgh. Scotland is one of my favourite countries to travel to and Edinburgh should be definitely on your bucket list for its beautiful architecture and history. Best of Edinburgh Edinburgh was one of my favourite places to\u2026","rel":"","context":"In &quot;Scotland&quot;","block_context":{"text":"Scotland","link":"https:\/\/mytraveljournal-blog.com\/de\/category\/europe\/scotland-europe\/"},"img":{"alt_text":"Edinburgh","src":"https:\/\/i0.wp.com\/mytraveljournal-blog.com\/wp-content\/uploads\/2023\/12\/DSCN7822-1-scaled.jpg?fit=1200%2C900&ssl=1&resize=350%2C200","width":350,"height":200,"srcset":"https:\/\/i0.wp.com\/mytraveljournal-blog.com\/wp-content\/uploads\/2023\/12\/DSCN7822-1-scaled.jpg?fit=1200%2C900&ssl=1&resize=350%2C200 1x, https:\/\/i0.wp.com\/mytraveljournal-blog.com\/wp-content\/uploads\/2023\/12\/DSCN7822-1-scaled.jpg?fit=1200%2C900&ssl=1&resize=525%2C300 1.5x, https:\/\/i0.wp.com\/mytraveljournal-blog.com\/wp-content\/uploads\/2023\/12\/DSCN7822-1-scaled.jpg?fit=1200%2C900&ssl=1&resize=700%2C400 2x, https:\/\/i0.wp.com\/mytraveljournal-blog.com\/wp-content\/uploads\/2023\/12\/DSCN7822-1-scaled.jpg?fit=1200%2C900&ssl=1&resize=1050%2C600 3x"},"classes":[]}],"_links":{"self":[{"href":"https:\/\/mytraveljournal-blog.com\/de\/wp-json\/wp\/v2\/posts\/3821","targetHints":{"allow":["GET"]}}],"collection":[{"href":"https:\/\/mytraveljournal-blog.com\/de\/wp-json\/wp\/v2\/posts"}],"about":[{"href":"https:\/\/mytraveljournal-blog.com\/de\/wp-json\/wp\/v2\/types\/post"}],"author":[{"embeddable":true,"href":"https:\/\/mytraveljournal-blog.com\/de\/wp-json\/wp\/v2\/users\/1"}],"replies":[{"embeddable":true,"href":"https:\/\/mytraveljournal-blog.com\/de\/wp-json\/wp\/v2\/comments?post=3821"}],"version-history":[{"count":10,"href":"https:\/\/mytraveljournal-blog.com\/de\/wp-json\/wp\/v2\/posts\/3821\/revisions"}],"predecessor-version":[{"id":3901,"href":"https:\/\/mytraveljournal-blog.com\/de\/wp-json\/wp\/v2\/posts\/3821\/revisions\/3901"}],"wp:featuredmedia":[{"embeddable":true,"href":"https:\/\/mytraveljournal-blog.com\/de\/wp-json\/wp\/v2\/media\/3824"}],"wp:attachment":[{"href":"https:\/\/mytraveljournal-blog.com\/de\/wp-json\/wp\/v2\/media?parent=3821"}],"wp:term":[{"taxonomy":"category","embeddable":true,"href":"https:\/\/mytraveljournal-blog.com\/de\/wp-json\/wp\/v2\/categories?post=3821"},{"taxonomy":"post_tag","embeddable":true,"href":"https:\/\/mytraveljournal-blog.com\/de\/wp-json\/wp\/v2\/tags?post=3821"}],"curies":[{"name":"wp","href":"https:\/\/api.w.org\/{rel}","templated":true}]}}